{"id":3818,"date":"2026-04-29T06:15:15","date_gmt":"2026-04-29T09:15:15","guid":{"rendered":"https:\/\/vagas.portalemprego.com.br\/?p=3818"},"modified":"2026-04-29T06:15:15","modified_gmt":"2026-04-29T09:15:15","slug":"auxiliar-de-servicos-gerais-pcd-servicos-gerais-rio-de-janeiro-7","status":"publish","type":"post","link":"https:\/\/vagas.portalemprego.com.br\/?p=3818","title":{"rendered":"Auxiliar de Servi\u00e7os Gerais &#8211; PCD &#8211; Servi\u00e7os Gerais &#8211; Rio de Janeiro"},"content":{"rendered":"<p>\u2022 Presta\u00e7\u00e3o de Servi\u00e7o para grande rede de Supermercados em todo RJ\/ Grande Rio<br \/>\n\u2022 Lavar e limpar os setores da unidade, a fim de manter ambientes limpos e poss\u00edveis de serem utilizados;<br \/>\n\u2022 Coletar o lixo comum e recicl\u00e1vel, realizando o transporte do mesmo para as \u00e1reas designadas;<br \/>\n\u2022 Colaborar com a organiza\u00e7\u00e3o de eventos na unidade;<br \/>\n\u2022 Participar de treinamentos, reciclagem e reuni\u00f5es quando solicitado;<br \/>\n\u2022 Executar outras tarefas correlatadas \u00e0 \u00e1rea;<br \/>\n\u2022 Escala 12*36 &#8211; DIVERSOS HOR\u00c1RIOS<br \/>\n Disponibilidade total de escala e hor\u00e1rio.<\/p>\n<ul>\n<li>N\u00famero de vagas: 60<\/li>\n<li>Local de trabalho: Rio de Janeiro, RJ<\/li>\n<li>Regime de contrata\u00e7\u00e3o de tipo: Efetivo \u2013 CLT<\/li>\n<li>Jornada: Per\u00edodo Integral<\/li>\n<li>\u00c1rea e especializa\u00e7\u00e3o profissional: Servi\u00e7os Gerais &#8211; Limpeza<\/li>\n<li>N\u00edvel hier\u00e1rquico: Auxiliar<\/li>\n<\/ul>\n<p>VALORIZADO<\/p>\n<p>Tempo de experi\u00eancia: Menos de 1 ano<\/p>\n<p>Escolaridade M\u00ednima: Ensino Fundamental (1\u00ba grau)<\/p>\n<ul>\n<li>Alimenta\u00e7\u00e3o no local<\/li>\n<li>Seguro de Vida em Grupo<\/li>\n<li>Conv\u00eanios a faculdades<\/li>\n<li>Plano Odontol\u00f3gico &#8211;  sem desconto<\/li>\n<li>Vale transporte<\/li>\n<\/ul>\n<p>Sal\u00e1rio: 1731,0<\/p>\n","protected":false},"excerpt":{"rendered":"<p>\u2022 Presta\u00e7\u00e3o de Servi\u00e7o para grande rede de Supermercados em todo RJ\/ Grande Rio \u2022 Lavar e limpar os setores da unidade, a fim de manter ambientes limpos e poss\u00edveis de serem utilizados; \u2022 Coletar o lixo comum e recicl\u00e1vel, realizando o transporte do mesmo para as \u00e1reas designadas; \u2022 Colaborar com a organiza\u00e7\u00e3o de [&hellip;]<\/p>\n","protected":false},"author":1,"featured_media":0,"comment_status":"open","ping_status":"open","sticky":false,"template":"","format":"standard","meta":{"footnotes":""},"categories":[21],"tags":[],"class_list":["post-3818","post","type-post","status-publish","format-standard","hentry","category-rio-de-janeiro-rj"],"_links":{"self":[{"href":"https:\/\/vagas.portalemprego.com.br\/index.php?rest_route=\/wp\/v2\/posts\/3818","targetHints":{"allow":["GET"]}}],"collection":[{"href":"https:\/\/vagas.portalemprego.com.br\/index.php?rest_route=\/wp\/v2\/posts"}],"about":[{"href":"https:\/\/vagas.portalemprego.com.br\/index.php?rest_route=\/wp\/v2\/types\/post"}],"author":[{"embeddable":true,"href":"https:\/\/vagas.portalemprego.com.br\/index.php?rest_route=\/wp\/v2\/users\/1"}],"replies":[{"embeddable":true,"href":"https:\/\/vagas.portalemprego.com.br\/index.php?rest_route=%2Fwp%2Fv2%2Fcomments&post=3818"}],"version-history":[{"count":0,"href":"https:\/\/vagas.portalemprego.com.br\/index.php?rest_route=\/wp\/v2\/posts\/3818\/revisions"}],"wp:attachment":[{"href":"https:\/\/vagas.portalemprego.com.br\/index.php?rest_route=%2Fwp%2Fv2%2Fmedia&parent=3818"}],"wp:term":[{"taxonomy":"category","embeddable":true,"href":"https:\/\/vagas.portalemprego.com.br\/index.php?rest_route=%2Fwp%2Fv2%2Fcategories&post=3818"},{"taxonomy":"post_tag","embeddable":true,"href":"https:\/\/vagas.portalemprego.com.br\/index.php?rest_route=%2Fwp%2Fv2%2Ftags&post=3818"}],"curies":[{"name":"wp","href":"https:\/\/api.w.org\/{rel}","templated":true}]}}