{"id":3821,"date":"2026-04-29T06:15:15","date_gmt":"2026-04-29T09:15:15","guid":{"rendered":"https:\/\/vagas.portalemprego.com.br\/?p=3821"},"modified":"2026-04-29T06:15:15","modified_gmt":"2026-04-29T09:15:15","slug":"coordenador-de-comunicacao-e-conteudo-comunicacao-tv-cinema-rio-de-janeiro","status":"publish","type":"post","link":"https:\/\/vagas.portalemprego.com.br\/?p=3821","title":{"rendered":"Coordenador de Comunica\u00e7\u00e3o e Conte\u00fado &#8211; Comunica\u00e7\u00e3o, TV, Cinema &#8211; Rio de Janeiro"},"content":{"rendered":"<p>Coordenador de Comunica\u00e7\u00e3o e Conte\u00fado<br \/>\nEstamos em busca de um profissional din\u00e2mico e inovador para se juntar ao nosso time como Coordenador de Comunica\u00e7\u00e3o e Conte\u00fado.A fun\u00e7\u00e3o \u00e9 fundamental para o desenvolvimento e a implementa\u00e7\u00e3o de estrat\u00e9gias de comunica\u00e7\u00e3o que apoiem nossos objetivos de marca e alcancem nosso p\u00fablico-alvo de maneira eficaz.<br \/>\nVoc\u00ea ser\u00e1 respons\u00e1vel por liderar a cria\u00e7\u00e3o e a dissemina\u00e7\u00e3o de conte\u00fado de alta qualidade que reflita a nossa vis\u00e3o e valores.Desenvolva e coordene campanhas de comunica\u00e7\u00e3o interna e externa, garantindo a consist\u00eancia da mensagem em todas as plataformas.Al\u00e9m disso, supervisionar\u00e1 a produ\u00e7\u00e3o de materiais de marketing, incluindo artigos, posts em redes sociais, e-mails de comunica\u00e7\u00e3o e outros formatos de conte\u00fado.<br \/>\nExperi\u00eancia em gerenciamento de equipes criativas e colabora\u00e7\u00e3o com diferentes departamentos ser\u00e1 essencial.Voc\u00ea deve ter uma compreensidade profunda das tend\u00eancias de comunica\u00e7\u00e3o e das melhores pr\u00e1ticas de conte\u00fado digital.A capacidade de analisar dados de audi\u00eancia e adaptar estrat\u00e9gias de acordo com os resultados \u00e9 um diferencial importante.<br \/>\nNossa empresa valoriza a inova\u00e7\u00e3o e a criatividade, e busca algu\u00e9m que n\u00e3o apenas execute tarefas, mas que proponha novas ideias e solu\u00e7\u00f5es para os desafios de comunica\u00e7\u00e3o.O candidato ideal ser\u00e1 um comunicador nato, com habilidades de lideran\u00e7a e uma vis\u00e3o estrat\u00e9gica para o futuro da comunica\u00e7\u00e3o.<br \/>\nJunte-se a n\u00f3s e fa\u00e7a parte de uma equipe que se dedica a contar hist\u00f3rias de maneira impactante e a construir conex\u00f5es significativas com nosso p\u00fablico.<\/p>\n<ul>\n<li>Local de trabalho: Rio de Janeiro, RJ<\/li>\n<li>Regime de contrata\u00e7\u00e3o de tipo: Efetivo \u2013 CLT<\/li>\n<li>Jornada: Per\u00edodo Integral<\/li>\n<li>\u00c1rea e especializa\u00e7\u00e3o profissional: Comunica\u00e7\u00e3o, TV, Cinema &#8211; Rela\u00e7\u00f5es P\u00fablicas<\/li>\n<li>N\u00edvel hier\u00e1rquico: Coordenador<\/li>\n<\/ul>\n<p>VALORIZADO<\/p>\n<p>Tempo de experi\u00eancia: Entre 5 e 10 anos<\/p>\n<p>Escolaridade M\u00ednima: Ensino Superior<\/p>\n<p>Forma\u00e7\u00e3o desejada:<\/p>\n<ul>\n<li>Publicidade e propaganda, Ensino Superior<\/li>\n<li>Jornalismo, Ensino Superior<\/li>\n<li>Rela\u00e7\u00f5es p\u00fablicas, Ensino Superior<\/li>\n<li>Marketing, Ensino Superior<\/li>\n<\/ul>\n","protected":false},"excerpt":{"rendered":"<p>Coordenador de Comunica\u00e7\u00e3o e Conte\u00fado Estamos em busca de um profissional din\u00e2mico e inovador para se juntar ao nosso time como Coordenador de Comunica\u00e7\u00e3o e Conte\u00fado.A fun\u00e7\u00e3o \u00e9 fundamental para o desenvolvimento e a implementa\u00e7\u00e3o de estrat\u00e9gias de comunica\u00e7\u00e3o que apoiem nossos objetivos de marca e alcancem nosso p\u00fablico-alvo de maneira eficaz. Voc\u00ea ser\u00e1 respons\u00e1vel [&hellip;]<\/p>\n","protected":false},"author":1,"featured_media":0,"comment_status":"open","ping_status":"open","sticky":false,"template":"","format":"standard","meta":{"footnotes":""},"categories":[21],"tags":[],"class_list":["post-3821","post","type-post","status-publish","format-standard","hentry","category-rio-de-janeiro-rj"],"_links":{"self":[{"href":"https:\/\/vagas.portalemprego.com.br\/index.php?rest_route=\/wp\/v2\/posts\/3821","targetHints":{"allow":["GET"]}}],"collection":[{"href":"https:\/\/vagas.portalemprego.com.br\/index.php?rest_route=\/wp\/v2\/posts"}],"about":[{"href":"https:\/\/vagas.portalemprego.com.br\/index.php?rest_route=\/wp\/v2\/types\/post"}],"author":[{"embeddable":true,"href":"https:\/\/vagas.portalemprego.com.br\/index.php?rest_route=\/wp\/v2\/users\/1"}],"replies":[{"embeddable":true,"href":"https:\/\/vagas.portalemprego.com.br\/index.php?rest_route=%2Fwp%2Fv2%2Fcomments&post=3821"}],"version-history":[{"count":0,"href":"https:\/\/vagas.portalemprego.com.br\/index.php?rest_route=\/wp\/v2\/posts\/3821\/revisions"}],"wp:attachment":[{"href":"https:\/\/vagas.portalemprego.com.br\/index.php?rest_route=%2Fwp%2Fv2%2Fmedia&parent=3821"}],"wp:term":[{"taxonomy":"category","embeddable":true,"href":"https:\/\/vagas.portalemprego.com.br\/index.php?rest_route=%2Fwp%2Fv2%2Fcategories&post=3821"},{"taxonomy":"post_tag","embeddable":true,"href":"https:\/\/vagas.portalemprego.com.br\/index.php?rest_route=%2Fwp%2Fv2%2Ftags&post=3821"}],"curies":[{"name":"wp","href":"https:\/\/api.w.org\/{rel}","templated":true}]}}