{"id":3823,"date":"2026-04-29T06:15:15","date_gmt":"2026-04-29T09:15:15","guid":{"rendered":"https:\/\/vagas.portalemprego.com.br\/?p=3823"},"modified":"2026-04-29T06:15:15","modified_gmt":"2026-04-29T09:15:15","slug":"assistente-comercial-pcd-administracao-rio-de-janeiro","status":"publish","type":"post","link":"https:\/\/vagas.portalemprego.com.br\/?p=3823","title":{"rendered":"Assistente Comercial (PCD) &#8211; Administra\u00e7\u00e3o &#8211; Rio de Janeiro"},"content":{"rendered":"<p>Responsabilidades:<br \/>\nValida\u00e7\u00e3o de pre\u00e7os<br \/>\nDigita\u00e7\u00e3o de pedidos<br \/>\nRecebimento de demandas por e-mail<br \/>\nGera\u00e7\u00e3o e apresenta\u00e7\u00e3o de relat\u00f3rios<br \/>\nRequisitos:<br \/>\nEnsino superior cursando<br \/>\nConhecimento em excel<br \/>\nBenef\u00edcios<br \/>\n\u2022 Assist\u00eancia M\u00e9dica &#8211; Coparticipa\u00e7\u00e3o com mensalidade fixa de $34,73 (titular &#8211; enfermaria) e $112,88 (titular &#8211; particular), sendo extensivo a dependentes com valores a parir de $289,40.<br \/>\n\u2022 Odontol\u00f3gica &#8211; Servi\u00e7os e descontos proporcionais ao plano escolhido, sendo valores a partir de $14,80\u00a0<br \/>\n\u2022 Wellhub &#8211; Servi\u00e7os e descontos proporcionais ao plano escolhido, a partir de $35,90\u00a0<br \/>\n\u2022 Vale Alimenta\u00e7\u00e3o e Refei\u00e7\u00e3o &#8211; $760,00 sendo modalidade VR ($30,00 reais por dia trabalhado e VA ($100,00\/m\u00eas)\u00a0<br \/>\n\u2022 Vale Transporte conforme os dias trabalhados ou Auxilio combust\u00edvel: valor do deslocamento * fator multiplicador dias \u00fateis do m\u00eas\u00a0<br \/>\n\u2022 Seguro de Vida em Grupo e Aux\u00edlio Funeral &#8211;<br \/>\n\u2022 Conv\u00eanio com Farm\u00e1cias parceiras &#8211; Cr\u00e9dito limitado a $150,00 com descontos diretamente no contracheque\u00a0<br \/>\n\u2022 Conv\u00eanio SESC<br \/>\n\u2022 Day-Off no m\u00eas do seu anivers\u00e1rio<br \/>\n\u2022 Universidade Corporativa \u2013<\/p>\n<ul>\n<li>Local de trabalho: Rio de Janeiro, RJ<\/li>\n<li>Regime de contrata\u00e7\u00e3o de tipo: Efetivo \u2013 CLT<\/li>\n<li>Jornada: Per\u00edodo Integral<\/li>\n<li>\u00c1rea e especializa\u00e7\u00e3o profissional: Administra\u00e7\u00e3o &#8211; Administra\u00e7\u00e3o Geral<\/li>\n<li>N\u00edvel hier\u00e1rquico: Assistente<\/li>\n<\/ul>\n<p>HABILIDADES<\/p>\n<ul>\n<li>Excel<\/li>\n<\/ul>\n<p>Escolaridade M\u00ednima: Ensino Superior<\/p>\n<ul>\n<li>Vale-refei\u00e7\u00e3o<\/li>\n<li>Vale-transporte<\/li>\n<\/ul>\n<p>Sal\u00e1rio: 2034,0<\/p>\n","protected":false},"excerpt":{"rendered":"<p>Responsabilidades: Valida\u00e7\u00e3o de pre\u00e7os Digita\u00e7\u00e3o de pedidos Recebimento de demandas por e-mail Gera\u00e7\u00e3o e apresenta\u00e7\u00e3o de relat\u00f3rios Requisitos: Ensino superior cursando Conhecimento em excel Benef\u00edcios \u2022 Assist\u00eancia M\u00e9dica &#8211; Coparticipa\u00e7\u00e3o com mensalidade fixa de $34,73 (titular &#8211; enfermaria) e $112,88 (titular &#8211; particular), sendo extensivo a dependentes com valores a parir de $289,40. \u2022 Odontol\u00f3gica [&hellip;]<\/p>\n","protected":false},"author":1,"featured_media":0,"comment_status":"open","ping_status":"open","sticky":false,"template":"","format":"standard","meta":{"footnotes":""},"categories":[21],"tags":[],"class_list":["post-3823","post","type-post","status-publish","format-standard","hentry","category-rio-de-janeiro-rj"],"_links":{"self":[{"href":"https:\/\/vagas.portalemprego.com.br\/index.php?rest_route=\/wp\/v2\/posts\/3823","targetHints":{"allow":["GET"]}}],"collection":[{"href":"https:\/\/vagas.portalemprego.com.br\/index.php?rest_route=\/wp\/v2\/posts"}],"about":[{"href":"https:\/\/vagas.portalemprego.com.br\/index.php?rest_route=\/wp\/v2\/types\/post"}],"author":[{"embeddable":true,"href":"https:\/\/vagas.portalemprego.com.br\/index.php?rest_route=\/wp\/v2\/users\/1"}],"replies":[{"embeddable":true,"href":"https:\/\/vagas.portalemprego.com.br\/index.php?rest_route=%2Fwp%2Fv2%2Fcomments&post=3823"}],"version-history":[{"count":0,"href":"https:\/\/vagas.portalemprego.com.br\/index.php?rest_route=\/wp\/v2\/posts\/3823\/revisions"}],"wp:attachment":[{"href":"https:\/\/vagas.portalemprego.com.br\/index.php?rest_route=%2Fwp%2Fv2%2Fmedia&parent=3823"}],"wp:term":[{"taxonomy":"category","embeddable":true,"href":"https:\/\/vagas.portalemprego.com.br\/index.php?rest_route=%2Fwp%2Fv2%2Fcategories&post=3823"},{"taxonomy":"post_tag","embeddable":true,"href":"https:\/\/vagas.portalemprego.com.br\/index.php?rest_route=%2Fwp%2Fv2%2Ftags&post=3823"}],"curies":[{"name":"wp","href":"https:\/\/api.w.org\/{rel}","templated":true}]}}