{"id":3827,"date":"2026-04-29T06:12:12","date_gmt":"2026-04-29T09:12:12","guid":{"rendered":"https:\/\/vagas.portalemprego.com.br\/?p=3827"},"modified":"2026-04-29T06:12:12","modified_gmt":"2026-04-29T09:12:12","slug":"vendedora-de-loja-comercial-vendas-rio-de-janeiro-9","status":"publish","type":"post","link":"https:\/\/vagas.portalemprego.com.br\/?p=3827","title":{"rendered":"Vendedora de Loja &#8211; Comercial, Vendas &#8211; Rio de Janeiro"},"content":{"rendered":"<p>Vaga: Vendedora<br \/>\nLoja de Cal\u00e7ados e acess\u00f3rios<br \/>\nShopping Nova Am\u00e9rica<br \/>\n ? Hor\u00e1rio: 14h \u00e0s 22h<br \/>\nA Soulier busca profissional para atuar na \u00e1rea de vendas, oferecendo atendimento personalizado e proporcionando uma experi\u00eancia diferenciada aos clientes, com foco no alcance de metas e resultados.<br \/>\nAtribui\u00e7\u00f5es:<br \/>\nRealizar atendimento ao cliente presencial<br \/>\nDemonstrar e apresentar produtos, destacando benef\u00edcios e diferenciais<br \/>\nEfetuar vendas e trabalhar com metas individuais<br \/>\nRealizar p\u00f3s-venda e fideliza\u00e7\u00e3o de clientes<br \/>\nApoiar na organiza\u00e7\u00e3o da loja e reposi\u00e7\u00e3o de mercadorias<br \/>\nManter a organiza\u00e7\u00e3o da vitrine e do estoque<br \/>\nApoiar nas rotinas de abertura e\/ou fechamento de loja<br \/>\nRequisitos:<br \/>\nExperi\u00eancia pr\u00e9via com vendas e atendimento ao cliente<br \/>\nPerfil proativo, respons\u00e1vel e comprometido com metas<br \/>\nBoa comunica\u00e7\u00e3o e postura profissional<br \/>\nIdade entre 25 e 40 anos<br \/>\nPreferencialmente residir pr\u00f3ximo ao Shopping Nova Am\u00e9rica<br \/>\nRemunera\u00e7\u00e3o:<br \/>\n Sal\u00e1rio fixo: R$ 1.872,00<br \/>\n Comiss\u00e3o vari\u00e1vel: 1% a 2,5%<br \/>\n M\u00e9dia salarial aproximada: R$ 2.500,00<\/p>\n<ul>\n<li>Local de trabalho: Rio de Janeiro, RJ<\/li>\n<li>Regime de contrata\u00e7\u00e3o de tipo: Efetivo \u2013 CLT<\/li>\n<li>Jornada: Per\u00edodo Integral<\/li>\n<li>\u00c1rea e especializa\u00e7\u00e3o profissional: Comercial, Vendas &#8211; Lojas \/ Shopping<\/li>\n<li>N\u00edvel hier\u00e1rquico: Operacional<\/li>\n<\/ul>\n<p>Escolaridade M\u00ednima: Ensino M\u00e9dio (2\u00ba Grau)<\/p>\n<p>Sal\u00e1rio: 2500,0<\/p>\n","protected":false},"excerpt":{"rendered":"<p>Vaga: Vendedora Loja de Cal\u00e7ados e acess\u00f3rios Shopping Nova Am\u00e9rica ? Hor\u00e1rio: 14h \u00e0s 22h A Soulier busca profissional para atuar na \u00e1rea de vendas, oferecendo atendimento personalizado e proporcionando uma experi\u00eancia diferenciada aos clientes, com foco no alcance de metas e resultados. Atribui\u00e7\u00f5es: Realizar atendimento ao cliente presencial Demonstrar e apresentar produtos, destacando benef\u00edcios [&hellip;]<\/p>\n","protected":false},"author":1,"featured_media":0,"comment_status":"open","ping_status":"open","sticky":false,"template":"","format":"standard","meta":{"footnotes":""},"categories":[21],"tags":[],"class_list":["post-3827","post","type-post","status-publish","format-standard","hentry","category-rio-de-janeiro-rj"],"_links":{"self":[{"href":"https:\/\/vagas.portalemprego.com.br\/index.php?rest_route=\/wp\/v2\/posts\/3827","targetHints":{"allow":["GET"]}}],"collection":[{"href":"https:\/\/vagas.portalemprego.com.br\/index.php?rest_route=\/wp\/v2\/posts"}],"about":[{"href":"https:\/\/vagas.portalemprego.com.br\/index.php?rest_route=\/wp\/v2\/types\/post"}],"author":[{"embeddable":true,"href":"https:\/\/vagas.portalemprego.com.br\/index.php?rest_route=\/wp\/v2\/users\/1"}],"replies":[{"embeddable":true,"href":"https:\/\/vagas.portalemprego.com.br\/index.php?rest_route=%2Fwp%2Fv2%2Fcomments&post=3827"}],"version-history":[{"count":0,"href":"https:\/\/vagas.portalemprego.com.br\/index.php?rest_route=\/wp\/v2\/posts\/3827\/revisions"}],"wp:attachment":[{"href":"https:\/\/vagas.portalemprego.com.br\/index.php?rest_route=%2Fwp%2Fv2%2Fmedia&parent=3827"}],"wp:term":[{"taxonomy":"category","embeddable":true,"href":"https:\/\/vagas.portalemprego.com.br\/index.php?rest_route=%2Fwp%2Fv2%2Fcategories&post=3827"},{"taxonomy":"post_tag","embeddable":true,"href":"https:\/\/vagas.portalemprego.com.br\/index.php?rest_route=%2Fwp%2Fv2%2Ftags&post=3827"}],"curies":[{"name":"wp","href":"https:\/\/api.w.org\/{rel}","templated":true}]}}