{"id":3829,"date":"2026-04-29T06:12:12","date_gmt":"2026-04-29T09:12:12","guid":{"rendered":"https:\/\/vagas.portalemprego.com.br\/?p=3829"},"modified":"2026-04-29T06:12:12","modified_gmt":"2026-04-29T09:12:12","slug":"consultor-de-vendas-canal-farma-comercial-vendas-nova-iguacu","status":"publish","type":"post","link":"https:\/\/vagas.portalemprego.com.br\/?p=3829","title":{"rendered":"CONSULTOR DE VENDAS  &#8211; Canal Farma &#8211; Comercial, Vendas &#8211; Nova Igua\u00e7u"},"content":{"rendered":"<p>Contrato tempor\u00e1rio in\u00edcio MAR\/2026: 3 meses, com grande possibilidade de extens\u00e3o<br \/>\nNestl\u00e9 com suplementa\u00e7\u00e3o infantil e adulto<br \/>\nLocal de Trabalho: Com atendimento de 7 farm\u00e1cias ao dia dentro desses bairros<br \/>\nPRADOS VERDES, PARAISO, JARDIM GUANDU, KM 32, COMENDADOR SOARES, JARDIM ALVORADA, CABUCU, AUSTIN, RIACHAO, MARAPICU, PALHADA, CENTRO, VILA GUIMARAES, PARQUE HORIZONTE, MOQUETA, DA LUZ, ROSA DOS VENTOS<br \/>\n ATIVIDADES<br \/>\nConstruir relacionamento e gerar confian\u00e7a com clientes e equipes de loja;<br \/>\nEfetuar vendas diretas, apresentando produtos e contornando obje\u00e7\u00f5es;<br \/>\nAcompanhar resultados e buscar oportunidades de aumento de vendas;<br \/>\nRealizar reposi\u00e7\u00e3o pontual e garantir boa exposi\u00e7\u00e3o dos produtos e verificar validades no ponto de PDV;<br \/>\nSeguir roteiro de atendimento.<br \/>\nSal\u00e1rio : R$ 2.050,00<br \/>\nVale Refei\u00e7\u00e3o: R$ R$ 28,99 (di\u00e1rio)<br \/>\nVale Alimenta\u00e7\u00e3o : R$ 255,00 (mensal)<br \/>\nVale Transporte: De acordo com roteiro<br \/>\nAjuda de custo para cr\u00e9dito de celular : R$ 60,00\/m\u00eas (fixo)<br \/>\nSeguro de Vida<br \/>\nEscala de trabalho: Segunda a S\u00e1bado das 08h \u00e1s 17h00<br \/>\nPrecisa ter disponibilidade de hor\u00e1rio<\/p>\n<ul>\n<li>Local de trabalho: Nova Igua\u00e7u, RJ<\/li>\n<li>Regime de contrata\u00e7\u00e3o de tipo: Tempor\u00e1rio<\/li>\n<li>Jornada: Per\u00edodo Integral<\/li>\n<li>\u00c1rea e especializa\u00e7\u00e3o profissional: Comercial, Vendas &#8211; Demonstrador \/ Promotor<\/li>\n<li>N\u00edvel hier\u00e1rquico: Operacional<\/li>\n<\/ul>\n<p>VALORIZADO<\/p>\n<p>Tempo de experi\u00eancia: Menos de 1 ano<\/p>\n<p>Escolaridade M\u00ednima: Ensino M\u00e9dio (2\u00ba Grau)<\/p>\n<ul>\n<li>Vale Refei\u00e7\u00e3o: R$ R$ 28,99 (di\u00e1rio)<\/li>\n<li>Vale Alimenta\u00e7\u00e3o : R$ 255,00 (mensal)<\/li>\n<li>Vale Transporte: De acordo com roteiro<\/li>\n<li>Ajuda de custo para cr\u00e9dito de celular : R$ 60,00\/m\u00eas (fixo)<\/li>\n<li>Seguro de Vida<\/li>\n<\/ul>\n<p>Sal\u00e1rio: 2050,0<\/p>\n","protected":false},"excerpt":{"rendered":"<p>Contrato tempor\u00e1rio in\u00edcio MAR\/2026: 3 meses, com grande possibilidade de extens\u00e3o Nestl\u00e9 com suplementa\u00e7\u00e3o infantil e adulto Local de Trabalho: Com atendimento de 7 farm\u00e1cias ao dia dentro desses bairros PRADOS VERDES, PARAISO, JARDIM GUANDU, KM 32, COMENDADOR SOARES, JARDIM ALVORADA, CABUCU, AUSTIN, RIACHAO, MARAPICU, PALHADA, CENTRO, VILA GUIMARAES, PARQUE HORIZONTE, MOQUETA, DA LUZ, ROSA [&hellip;]<\/p>\n","protected":false},"author":1,"featured_media":0,"comment_status":"open","ping_status":"open","sticky":false,"template":"","format":"standard","meta":{"footnotes":""},"categories":[21],"tags":[],"class_list":["post-3829","post","type-post","status-publish","format-standard","hentry","category-rio-de-janeiro-rj"],"_links":{"self":[{"href":"https:\/\/vagas.portalemprego.com.br\/index.php?rest_route=\/wp\/v2\/posts\/3829","targetHints":{"allow":["GET"]}}],"collection":[{"href":"https:\/\/vagas.portalemprego.com.br\/index.php?rest_route=\/wp\/v2\/posts"}],"about":[{"href":"https:\/\/vagas.portalemprego.com.br\/index.php?rest_route=\/wp\/v2\/types\/post"}],"author":[{"embeddable":true,"href":"https:\/\/vagas.portalemprego.com.br\/index.php?rest_route=\/wp\/v2\/users\/1"}],"replies":[{"embeddable":true,"href":"https:\/\/vagas.portalemprego.com.br\/index.php?rest_route=%2Fwp%2Fv2%2Fcomments&post=3829"}],"version-history":[{"count":0,"href":"https:\/\/vagas.portalemprego.com.br\/index.php?rest_route=\/wp\/v2\/posts\/3829\/revisions"}],"wp:attachment":[{"href":"https:\/\/vagas.portalemprego.com.br\/index.php?rest_route=%2Fwp%2Fv2%2Fmedia&parent=3829"}],"wp:term":[{"taxonomy":"category","embeddable":true,"href":"https:\/\/vagas.portalemprego.com.br\/index.php?rest_route=%2Fwp%2Fv2%2Fcategories&post=3829"},{"taxonomy":"post_tag","embeddable":true,"href":"https:\/\/vagas.portalemprego.com.br\/index.php?rest_route=%2Fwp%2Fv2%2Ftags&post=3829"}],"curies":[{"name":"wp","href":"https:\/\/api.w.org\/{rel}","templated":true}]}}