{"id":3830,"date":"2026-04-29T06:12:12","date_gmt":"2026-04-29T09:12:12","guid":{"rendered":"https:\/\/vagas.portalemprego.com.br\/?p=3830"},"modified":"2026-04-29T06:12:12","modified_gmt":"2026-04-29T09:12:12","slug":"consultor-de-vendas-canal-farma-comercial-vendas-duque-de-caxias","status":"publish","type":"post","link":"https:\/\/vagas.portalemprego.com.br\/?p=3830","title":{"rendered":"CONSULTOR DE VENDAS  &#8211; Canal Farma &#8211; Comercial, Vendas &#8211; Duque de Caxias"},"content":{"rendered":"<p>Contrato\u00a0tempor\u00e1rio\u00a0in\u00edcio\u00a0MAR\/2026:\u00a03\u00a0meses,\u00a0com\u00a0grande\u00a0possibilidade\u00a0de\u00a0extens\u00e3o<br \/>\nNestl\u00e9 com suplementa\u00e7\u00e3o infantil e adulto<br \/>\nLocal de Trabalho: Com atendimento de 7 farm\u00e1cias ao dia dentro desses bairros<br \/>\nPARQUE BARAO DO AMAPA, PARQUE CAPIVARI, XEREM, PARQUE XEREM, TAQUARA, JARDIM PRIMAVERA, IMBARIE, VILA SANTA CRUZ, CHACARAS RIO-PETROPOLIS, JARDIM ROSARIO, NOVA CAMPINAS, CAMPOS ELISEOS, JARDIM ANHANGA, PARQUE PAULISTA, VILA EMA, SANTA CRUZ DA SERRA, JARDIM SANTANA DO PILAR, SARACURUNA, PARQUE URUGUAIANA<\/p>\n<p>\u00a0ATIVIDADES<br \/>\n\u00a0Construir\u00a0relacionamento\u00a0e\u00a0gerar\u00a0confian\u00e7a\u00a0com\u00a0clientes\u00a0e\u00a0equipes\u00a0de\u00a0loja;<br \/>\n\u00a0Efetuar\u00a0vendas\u00a0diretas,\u00a0apresentando\u00a0produtos\u00a0e\u00a0contornando\u00a0obje\u00e7\u00f5es;<br \/>\n\u00a0Acompanhar\u00a0resultados\u00a0e\u00a0buscar\u00a0oportunidades\u00a0de\u00a0aumento\u00a0de\u00a0vendas;<br \/>\n\u00a0Realizar\u00a0reposi\u00e7\u00e3o\u00a0pontual\u00a0e\u00a0garantir\u00a0boa\u00a0exposi\u00e7\u00e3o\u00a0dos\u00a0produtos\u00a0e\u00a0verificar\u00a0validades\u00a0no\u00a0ponto\u00a0de\u00a0PDV;<br \/>\n\u00a0Seguir\u00a0roteiro\u00a0de\u00a0atendimento.<br \/>\n Sal\u00e1rio : R$ 2.050,00<br \/>\n Vale Refei\u00e7\u00e3o: R$ R$ 28,99 (di\u00e1rio)<br \/>\n Vale Alimenta\u00e7\u00e3o : R$ 255,00 (mensal)<br \/>\n Vale Transporte: De acordo com roteiro<br \/>\n Ajuda de custo para cr\u00e9dito de celular : R$ 60,00\/m\u00eas (fixo)<br \/>\n Seguro de Vida<br \/>\nEscala de trabalho: Segunda a S\u00e1bado  das 08h \u00e1s 17h00<br \/>\nPrecisa ter disponibilidade de hor\u00e1rio<\/p>\n<ul>\n<li>Local de trabalho: Duque de Caxias, RJ<\/li>\n<li>Regime de contrata\u00e7\u00e3o de tipo: Tempor\u00e1rio<\/li>\n<li>Jornada: Per\u00edodo Integral<\/li>\n<li>\u00c1rea e especializa\u00e7\u00e3o profissional: Comercial, Vendas &#8211; Demonstrador \/ Promotor<\/li>\n<li>N\u00edvel hier\u00e1rquico: Operacional<\/li>\n<\/ul>\n<p>VALORIZADO<\/p>\n<p>Tempo de experi\u00eancia: Menos de 1 ano<\/p>\n<p>Escolaridade M\u00ednima: Ensino M\u00e9dio (2\u00ba Grau)<\/p>\n<ul>\n<li>Vale Refei\u00e7\u00e3o: R$ R$ 28,99 (di\u00e1rio)<\/li>\n<li>Vale Alimenta\u00e7\u00e3o : R$ 255,00 (mensal)<\/li>\n<li>Vale Transporte: De acordo com roteiro<\/li>\n<li>Ajuda de custo para cr\u00e9dito de celular : R$ 60,00\/m\u00eas (fixo)<\/li>\n<li>Seguro de Vida<\/li>\n<\/ul>\n<p>Sal\u00e1rio: 2050,0<\/p>\n","protected":false},"excerpt":{"rendered":"<p>Contrato\u00a0tempor\u00e1rio\u00a0in\u00edcio\u00a0MAR\/2026:\u00a03\u00a0meses,\u00a0com\u00a0grande\u00a0possibilidade\u00a0de\u00a0extens\u00e3o Nestl\u00e9 com suplementa\u00e7\u00e3o infantil e adulto Local de Trabalho: Com atendimento de 7 farm\u00e1cias ao dia dentro desses bairros PARQUE BARAO DO AMAPA, PARQUE CAPIVARI, XEREM, PARQUE XEREM, TAQUARA, JARDIM PRIMAVERA, IMBARIE, VILA SANTA CRUZ, CHACARAS RIO-PETROPOLIS, JARDIM ROSARIO, NOVA CAMPINAS, CAMPOS ELISEOS, JARDIM ANHANGA, PARQUE PAULISTA, VILA EMA, SANTA CRUZ DA SERRA, JARDIM [&hellip;]<\/p>\n","protected":false},"author":1,"featured_media":0,"comment_status":"open","ping_status":"open","sticky":false,"template":"","format":"standard","meta":{"footnotes":""},"categories":[21],"tags":[],"class_list":["post-3830","post","type-post","status-publish","format-standard","hentry","category-rio-de-janeiro-rj"],"_links":{"self":[{"href":"https:\/\/vagas.portalemprego.com.br\/index.php?rest_route=\/wp\/v2\/posts\/3830","targetHints":{"allow":["GET"]}}],"collection":[{"href":"https:\/\/vagas.portalemprego.com.br\/index.php?rest_route=\/wp\/v2\/posts"}],"about":[{"href":"https:\/\/vagas.portalemprego.com.br\/index.php?rest_route=\/wp\/v2\/types\/post"}],"author":[{"embeddable":true,"href":"https:\/\/vagas.portalemprego.com.br\/index.php?rest_route=\/wp\/v2\/users\/1"}],"replies":[{"embeddable":true,"href":"https:\/\/vagas.portalemprego.com.br\/index.php?rest_route=%2Fwp%2Fv2%2Fcomments&post=3830"}],"version-history":[{"count":0,"href":"https:\/\/vagas.portalemprego.com.br\/index.php?rest_route=\/wp\/v2\/posts\/3830\/revisions"}],"wp:attachment":[{"href":"https:\/\/vagas.portalemprego.com.br\/index.php?rest_route=%2Fwp%2Fv2%2Fmedia&parent=3830"}],"wp:term":[{"taxonomy":"category","embeddable":true,"href":"https:\/\/vagas.portalemprego.com.br\/index.php?rest_route=%2Fwp%2Fv2%2Fcategories&post=3830"},{"taxonomy":"post_tag","embeddable":true,"href":"https:\/\/vagas.portalemprego.com.br\/index.php?rest_route=%2Fwp%2Fv2%2Ftags&post=3830"}],"curies":[{"name":"wp","href":"https:\/\/api.w.org\/{rel}","templated":true}]}}