{"id":3834,"date":"2026-04-29T06:12:12","date_gmt":"2026-04-29T09:12:12","guid":{"rendered":"https:\/\/vagas.portalemprego.com.br\/?p=3834"},"modified":"2026-04-29T06:12:12","modified_gmt":"2026-04-29T09:12:12","slug":"analista-financeiro-contabil-financas-economia-rio-de-janeiro-3","status":"publish","type":"post","link":"https:\/\/vagas.portalemprego.com.br\/?p=3834","title":{"rendered":"Analista Financeiro &#8211; Cont\u00e1bil, Finan\u00e7as, Economia &#8211; Rio de Janeiro"},"content":{"rendered":"<p>Estamos trabalhando em uma vaga para um dos nossos clientes, sobre a vaga: <\/p>\n<p>Analista Financeiro | (CLT) | 01 Vaga<\/p>\n<p> Local de Trabalho: S\u00e3o Crist\u00f3v\u00e3o \u2013 Rio de Janeiro<br \/>\n Hor\u00e1rio: Segunda a sexta-feira, das 7h30 \u00e0s 17h18<\/p>\n<p> Requisitos:<br \/>\n\u2022    Ensino Superior Completo em Administra\u00e7\u00e3o, Economia ou Ci\u00eancias Cont\u00e1beis;<br \/>\n\u2022    Experi\u00eancia s\u00f3lida em Contas a Pagar e no\u00e7\u00f5es de obriga\u00e7\u00f5es acess\u00f3rias;<br \/>\n\u2022    Pacote Office avan\u00e7ado, com \u00eanfase em Excel.<\/p>\n<p> Principais Atividades:<br \/>\n\u2022    Realizar rotinas do Contas a Pagar: lan\u00e7amentos no sistema, gest\u00e3o de pagamentos e concilia\u00e7\u00f5es;<br \/>\n\u2022    Efetuar an\u00e1lises de or\u00e7amento e notas fiscais, al\u00e9m de concilia\u00e7\u00f5es banc\u00e1rias;<br \/>\n\u2022    Apoiar no envio do movimento cont\u00e1bil, organiza\u00e7\u00e3o e controle de arquivos;<br \/>\n\u2022    Elaborar e acompanhar proje\u00e7\u00f5es de pagamentos, garantindo maior assertividade no planejamento financeiro;<br \/>\n\u2022    Atender demandas do p\u00fablico interno e fornecedores;<br \/>\n\u2022    Gerar, analisar e apresentar relat\u00f3rios e planilhas de controle.<\/p>\n<p> Sal\u00e1rio: R$ 3.300,00<br \/>\n Benef\u00edcios:<br \/>\n\u2022    Plano de Sa\u00fade (Amil)<br \/>\n\u2022    Plano Odontol\u00f3gico (Amil)<br \/>\n\u2022    Vale-Refei\u00e7\u00e3o (R$ 23,00\/dia)<br \/>\n\u2022    Vale-Transporte<br \/>\n\u2022    Seguro de Vida<\/p>\n<ul>\n<li>Local de trabalho: Rio de Janeiro, RJ<\/li>\n<li>Regime de contrata\u00e7\u00e3o de tipo: Efetivo \u2013 CLT<\/li>\n<li>Jornada: Per\u00edodo Integral<\/li>\n<li>\u00c1rea e especializa\u00e7\u00e3o profissional: Cont\u00e1bil, Finan\u00e7as, Economia &#8211; Finan\u00e7as<\/li>\n<li>N\u00edvel hier\u00e1rquico: Analista<\/li>\n<\/ul>\n<p>HABILIDADES<\/p>\n<ul>\n<li>Pacote Office avan\u00e7ado, com \u00eanfase em Excel<\/li>\n<li>Ensino Superior Completo em Administra\u00e7\u00e3o, Economia ou Ci\u00eancias Cont\u00e1beis.<\/li>\n<li>Experi\u00eancia s\u00f3lida em Contas a Pagar e no\u00e7\u00f5es de obriga\u00e7\u00f5es acess\u00f3rias.<\/li>\n<\/ul>\n<p>Escolaridade M\u00ednima: Ensino Superior<\/p>\n<p>Sal\u00e1rio: 3300,0<\/p>\n","protected":false},"excerpt":{"rendered":"<p>Estamos trabalhando em uma vaga para um dos nossos clientes, sobre a vaga: Analista Financeiro | (CLT) | 01 Vaga Local de Trabalho: S\u00e3o Crist\u00f3v\u00e3o \u2013 Rio de Janeiro Hor\u00e1rio: Segunda a sexta-feira, das 7h30 \u00e0s 17h18 Requisitos: \u2022 Ensino Superior Completo em Administra\u00e7\u00e3o, Economia ou Ci\u00eancias Cont\u00e1beis; \u2022 Experi\u00eancia s\u00f3lida em Contas a Pagar [&hellip;]<\/p>\n","protected":false},"author":1,"featured_media":0,"comment_status":"open","ping_status":"open","sticky":false,"template":"","format":"standard","meta":{"footnotes":""},"categories":[21],"tags":[],"class_list":["post-3834","post","type-post","status-publish","format-standard","hentry","category-rio-de-janeiro-rj"],"_links":{"self":[{"href":"https:\/\/vagas.portalemprego.com.br\/index.php?rest_route=\/wp\/v2\/posts\/3834","targetHints":{"allow":["GET"]}}],"collection":[{"href":"https:\/\/vagas.portalemprego.com.br\/index.php?rest_route=\/wp\/v2\/posts"}],"about":[{"href":"https:\/\/vagas.portalemprego.com.br\/index.php?rest_route=\/wp\/v2\/types\/post"}],"author":[{"embeddable":true,"href":"https:\/\/vagas.portalemprego.com.br\/index.php?rest_route=\/wp\/v2\/users\/1"}],"replies":[{"embeddable":true,"href":"https:\/\/vagas.portalemprego.com.br\/index.php?rest_route=%2Fwp%2Fv2%2Fcomments&post=3834"}],"version-history":[{"count":0,"href":"https:\/\/vagas.portalemprego.com.br\/index.php?rest_route=\/wp\/v2\/posts\/3834\/revisions"}],"wp:attachment":[{"href":"https:\/\/vagas.portalemprego.com.br\/index.php?rest_route=%2Fwp%2Fv2%2Fmedia&parent=3834"}],"wp:term":[{"taxonomy":"category","embeddable":true,"href":"https:\/\/vagas.portalemprego.com.br\/index.php?rest_route=%2Fwp%2Fv2%2Fcategories&post=3834"},{"taxonomy":"post_tag","embeddable":true,"href":"https:\/\/vagas.portalemprego.com.br\/index.php?rest_route=%2Fwp%2Fv2%2Ftags&post=3834"}],"curies":[{"name":"wp","href":"https:\/\/api.w.org\/{rel}","templated":true}]}}