{"id":3835,"date":"2026-04-29T06:13:13","date_gmt":"2026-04-29T09:13:13","guid":{"rendered":"https:\/\/vagas.portalemprego.com.br\/?p=3835"},"modified":"2026-04-29T06:13:13","modified_gmt":"2026-04-29T09:13:13","slug":"promotor-de-vendas-externas-comercial-vendas-sao-joao-de-meriti","status":"publish","type":"post","link":"https:\/\/vagas.portalemprego.com.br\/?p=3835","title":{"rendered":"Promotor de vendas Externas &#8211; Comercial, Vendas &#8211; S\u00e3o Jo\u00e3o de Meriti"},"content":{"rendered":"<p>??? PROMOTOR(A) DE VENDAS \u2013 CLARO | S\u00c3O JO\u00c3O DO MERITI (RJ)<\/p>\n<p>Venha fazer parte do time comercial da Claro e desenvolva sua carreira na \u00e1rea de vendas.<\/p>\n<p>?? O que voc\u00ea vai fazer:<br \/>\n?? Comercializa\u00e7\u00e3o de chips e servi\u00e7os Claro<br \/>\n??? Abordagem ativa e atendimento ao cliente<br \/>\n?? Realiza\u00e7\u00e3o de portabilidade num\u00e9rica<br \/>\n? Ativa\u00e7\u00e3o de chips pr\u00e9-pagos<br \/>\n?? O que oferecemos:<br \/>\nSal\u00e1rio fixo: R$ 1.621,00<br \/>\n?? Vale Transporte: R$ 16,00\/dia<br \/>\n??? Vale Refei\u00e7\u00e3o: R$ 22,72\/dia (pago em dinheiro)<br \/>\n?? Comiss\u00e3o atrativa (ganhos acima da m\u00e9dia!)<br \/>\n?? Assist\u00eancia m\u00e9dica e odontol\u00f3gica (para voc\u00ea e seus dependentes)<br \/>\n??? Seguro de vida<br \/>\n??? Benef\u00edcio academia (Gympass)<br \/>\n?? Descontos em faculdades<br \/>\n?? Procuramos algu\u00e9m que:<br \/>\n? Seja comunicativo(a) e proativo(a)<br \/>\n ? Goste de trabalhar com metas<br \/>\n ? Tenha energia para vendas e foco em resultados<br \/>\n ? Queira crescer profissionalmente<br \/>\nSe voc\u00ea busca uma oportunidade com possibilidade real de ganhos com comiss\u00e3o e crescimento na \u00e1rea comercial, essa vaga \u00e9 para voc\u00ea! ??<\/p>\n<p>?? QUER LUCRAR ALTO COM VENDAS?<br \/>\nMande seu CV ou um &#8220;EU QUERO VAGA MERITI RJ&#8221; agora mesmo! ?? [11] 93224-8535 Falar com JOEL SILVA<br \/>\nCompartilhe essa chance com quem adora bater meta!<\/p>\n<ul>\n<li>N\u00famero de vagas: 10<\/li>\n<li>Local de trabalho: S\u00e3o Jo\u00e3o de Meriti, RJ<\/li>\n<li>Regime de contrata\u00e7\u00e3o de tipo: Efetivo \u2013 CLT<\/li>\n<li>Jornada: Per\u00edodo Integral<\/li>\n<li>\u00c1rea e especializa\u00e7\u00e3o profissional: Comercial, Vendas &#8211; Venda Externa<\/li>\n<li>N\u00edvel hier\u00e1rquico: Consultor<\/li>\n<\/ul>\n<p>Escolaridade M\u00ednima: Ensino M\u00e9dio (2\u00ba Grau)<\/p>\n<p>Sal\u00e1rio: 2000,0<\/p>\n","protected":false},"excerpt":{"rendered":"<p>??? PROMOTOR(A) DE VENDAS \u2013 CLARO | S\u00c3O JO\u00c3O DO MERITI (RJ) Venha fazer parte do time comercial da Claro e desenvolva sua carreira na \u00e1rea de vendas. ?? O que voc\u00ea vai fazer: ?? Comercializa\u00e7\u00e3o de chips e servi\u00e7os Claro ??? Abordagem ativa e atendimento ao cliente ?? Realiza\u00e7\u00e3o de portabilidade num\u00e9rica ? Ativa\u00e7\u00e3o [&hellip;]<\/p>\n","protected":false},"author":1,"featured_media":0,"comment_status":"open","ping_status":"open","sticky":false,"template":"","format":"standard","meta":{"footnotes":""},"categories":[21],"tags":[],"class_list":["post-3835","post","type-post","status-publish","format-standard","hentry","category-rio-de-janeiro-rj"],"_links":{"self":[{"href":"https:\/\/vagas.portalemprego.com.br\/index.php?rest_route=\/wp\/v2\/posts\/3835","targetHints":{"allow":["GET"]}}],"collection":[{"href":"https:\/\/vagas.portalemprego.com.br\/index.php?rest_route=\/wp\/v2\/posts"}],"about":[{"href":"https:\/\/vagas.portalemprego.com.br\/index.php?rest_route=\/wp\/v2\/types\/post"}],"author":[{"embeddable":true,"href":"https:\/\/vagas.portalemprego.com.br\/index.php?rest_route=\/wp\/v2\/users\/1"}],"replies":[{"embeddable":true,"href":"https:\/\/vagas.portalemprego.com.br\/index.php?rest_route=%2Fwp%2Fv2%2Fcomments&post=3835"}],"version-history":[{"count":0,"href":"https:\/\/vagas.portalemprego.com.br\/index.php?rest_route=\/wp\/v2\/posts\/3835\/revisions"}],"wp:attachment":[{"href":"https:\/\/vagas.portalemprego.com.br\/index.php?rest_route=%2Fwp%2Fv2%2Fmedia&parent=3835"}],"wp:term":[{"taxonomy":"category","embeddable":true,"href":"https:\/\/vagas.portalemprego.com.br\/index.php?rest_route=%2Fwp%2Fv2%2Fcategories&post=3835"},{"taxonomy":"post_tag","embeddable":true,"href":"https:\/\/vagas.portalemprego.com.br\/index.php?rest_route=%2Fwp%2Fv2%2Ftags&post=3835"}],"curies":[{"name":"wp","href":"https:\/\/api.w.org\/{rel}","templated":true}]}}