{"id":3837,"date":"2026-04-29T06:13:13","date_gmt":"2026-04-29T09:13:13","guid":{"rendered":"https:\/\/vagas.portalemprego.com.br\/?p=3837"},"modified":"2026-04-29T06:13:13","modified_gmt":"2026-04-29T09:13:13","slug":"closer-vendas-comercial-vendas-duque-de-caxias","status":"publish","type":"post","link":"https:\/\/vagas.portalemprego.com.br\/?p=3837","title":{"rendered":"Closer Vendas &#8211; Comercial, Vendas &#8211; Duque de Caxias"},"content":{"rendered":"<p>Closer Vendas<br \/>\nEstamos em busca de um profissional din\u00e2mico e experiente para o cargo de Closer Vendas.<br \/>\nSua miss\u00e3o ser\u00e1 transformar leads em neg\u00f3cios s\u00f3lidos, garantindo a concretiza\u00e7\u00e3o de vendas e o alcance de metas estabelecidas.<br \/>\nBuscamos algu\u00e9m que tenha uma forte habilidade de persuas\u00e3o, excelente comunica\u00e7\u00e3o e uma capacidade inata de entender as necessidades dos clientes para oferecer solu\u00e7\u00f5es personalizadas.<\/p>\n<p>O candidato ideal deve ter experi\u00eancia comprovada em vendas, com um hist\u00f3rico de sucesso em fechamento de neg\u00f3cios.<br \/>\n\u00c9 essencial que voc\u00ea tenha uma mentalidade orientada para resultados e uma capacidade de trabalhar sob press\u00e3o, sempre buscando superar as expectativas.<br \/>\nA posi\u00e7\u00e3o exige uma pessoa que goste de desafios e esteja sempre em busca de novas oportunidades de crescimento profissional.<\/p>\n<p>Voc\u00ea deve ter uma excelente capacidade de relacionamento interpessoal, com habilidades de negocia\u00e7\u00e3o afiadas e uma forte orienta\u00e7\u00e3o para o cliente.<br \/>\nA capacidade de trabalhar em equipe \u00e9 fundamental, assim como a habilidade de se adaptar rapidamente \u00e0s mudan\u00e7as e \u00e0s demandas do mercado.<\/p>\n<p>Se voc\u00ea \u00e9 um profissional ambicioso, com uma paix\u00e3o por vendas e um foco inabal\u00e1vel em alcan\u00e7ar resultados, esta oportunidade \u00e9 para voc\u00ea.<br \/>\nJunte-se \u00e0 nossa equipe e fa\u00e7a parte de um ambiente que valoriza o desempenho e o crescimento cont\u00ednuo.<\/p>\n<p>A empresa oferece um ambiente de trabalho desafiador e gratificante, com oportunidades de desenvolvimento profissional e um ambiente colaborativo.<br \/>\nSe voc\u00ea est\u00e1 pronto para levar suas habilidades de vendas ao pr\u00f3ximo n\u00edvel, candidate-se agora e fa\u00e7a parte de uma equipe que est\u00e1 sempre em busca de excel\u00eancia.<\/p>\n<ul>\n<li>N\u00famero de vagas: 2<\/li>\n<li>Local de trabalho: Duque de Caxias, RJ<\/li>\n<li>Regime de contrata\u00e7\u00e3o de tipo: Efetivo \u2013 CLT<\/li>\n<li>Jornada: Per\u00edodo Integral<\/li>\n<li>\u00c1rea e especializa\u00e7\u00e3o profissional: Comercial, Vendas &#8211; Venda Interna<\/li>\n<li>N\u00edvel hier\u00e1rquico: Operacional<\/li>\n<\/ul>\n<p>VALORIZADO<\/p>\n<p>Tempo de experi\u00eancia: Entre 1 e 3 anos<\/p>\n<p>HABILIDADES<\/p>\n<ul>\n<li>proativo<\/li>\n<li>comunicativo<\/li>\n<li>vendas<\/li>\n<\/ul>\n<p>Escolaridade M\u00ednima: Ensino Superior<\/p>\n<p>Sal\u00e1rio: 1864,0<\/p>\n","protected":false},"excerpt":{"rendered":"<p>Closer Vendas Estamos em busca de um profissional din\u00e2mico e experiente para o cargo de Closer Vendas. Sua miss\u00e3o ser\u00e1 transformar leads em neg\u00f3cios s\u00f3lidos, garantindo a concretiza\u00e7\u00e3o de vendas e o alcance de metas estabelecidas. Buscamos algu\u00e9m que tenha uma forte habilidade de persuas\u00e3o, excelente comunica\u00e7\u00e3o e uma capacidade inata de entender as necessidades [&hellip;]<\/p>\n","protected":false},"author":1,"featured_media":0,"comment_status":"open","ping_status":"open","sticky":false,"template":"","format":"standard","meta":{"footnotes":""},"categories":[21],"tags":[],"class_list":["post-3837","post","type-post","status-publish","format-standard","hentry","category-rio-de-janeiro-rj"],"_links":{"self":[{"href":"https:\/\/vagas.portalemprego.com.br\/index.php?rest_route=\/wp\/v2\/posts\/3837","targetHints":{"allow":["GET"]}}],"collection":[{"href":"https:\/\/vagas.portalemprego.com.br\/index.php?rest_route=\/wp\/v2\/posts"}],"about":[{"href":"https:\/\/vagas.portalemprego.com.br\/index.php?rest_route=\/wp\/v2\/types\/post"}],"author":[{"embeddable":true,"href":"https:\/\/vagas.portalemprego.com.br\/index.php?rest_route=\/wp\/v2\/users\/1"}],"replies":[{"embeddable":true,"href":"https:\/\/vagas.portalemprego.com.br\/index.php?rest_route=%2Fwp%2Fv2%2Fcomments&post=3837"}],"version-history":[{"count":0,"href":"https:\/\/vagas.portalemprego.com.br\/index.php?rest_route=\/wp\/v2\/posts\/3837\/revisions"}],"wp:attachment":[{"href":"https:\/\/vagas.portalemprego.com.br\/index.php?rest_route=%2Fwp%2Fv2%2Fmedia&parent=3837"}],"wp:term":[{"taxonomy":"category","embeddable":true,"href":"https:\/\/vagas.portalemprego.com.br\/index.php?rest_route=%2Fwp%2Fv2%2Fcategories&post=3837"},{"taxonomy":"post_tag","embeddable":true,"href":"https:\/\/vagas.portalemprego.com.br\/index.php?rest_route=%2Fwp%2Fv2%2Ftags&post=3837"}],"curies":[{"name":"wp","href":"https:\/\/api.w.org\/{rel}","templated":true}]}}