{"id":3841,"date":"2026-04-29T06:13:13","date_gmt":"2026-04-29T09:13:13","guid":{"rendered":"https:\/\/vagas.portalemprego.com.br\/?p=3841"},"modified":"2026-04-29T06:13:13","modified_gmt":"2026-04-29T09:13:13","slug":"estagio-administrativo-porto-do-rio-administracao-rio-de-janeiro","status":"publish","type":"post","link":"https:\/\/vagas.portalemprego.com.br\/?p=3841","title":{"rendered":"Est\u00e1gio Administrativo &#8211; Porto do Rio &#8211; Administra\u00e7\u00e3o &#8211; Rio de Janeiro"},"content":{"rendered":"<p>Estamos em busca de um(a) Estagi\u00e1rio(a) Administrativo(a) para atuar no setor de Atacado, oferecendo suporte \u00e0s rotinas administrativas e \u00e0 equipe comercial. Se voc\u00ea \u00e9 organizado(a), atento(a) aos detalhes e quer desenvolver sua carreira na \u00e1rea administrativa\/comercial, essa oportunidade \u00e9 para voc\u00ea!<br \/>\nPrincipais atividades<br \/>\nManuten\u00e7\u00e3o e preenchimento de planilhas em Excel;<br \/>\nAbertura e acompanhamento de chamados internos;<br \/>\nAbertura de pedidos de venda;<br \/>\nCadastro de clientes no sistema;<br \/>\nSuporte \u00e0 equipe comercial;<br \/>\nComunica\u00e7\u00e3o com outros setores da empresa.<br \/>\nRequisitos t\u00e9cnicos<br \/>\nConhecimento em Excel;<br \/>\nBoa comunica\u00e7\u00e3o escrita;<br \/>\nHabilidade para confer\u00eancia de dados.<br \/>\nDiferenciais<br \/>\nExperi\u00eancia pr\u00e9via com preenchimento e manuten\u00e7\u00e3o de planilhas;<br \/>\nViv\u00eancia em rotinas administrativas.<br \/>\nForma\u00e7\u00e3o<br \/>\nEstar cursando gradua\u00e7\u00e3o em Administra\u00e7\u00e3o, Engenharia de Produ\u00e7\u00e3o ou \u00e1reas correlatas;<br \/>\nObrigat\u00f3rio estar matriculado(a) no turno da noite.<\/p>\n<ul>\n<li>Local de trabalho: Rio de Janeiro, RJ<\/li>\n<li>Regime de contrata\u00e7\u00e3o de tipo: Est\u00e1gio<\/li>\n<li>Jornada: Per\u00edodo Integral<\/li>\n<li>\u00c1rea e especializa\u00e7\u00e3o profissional: Administra\u00e7\u00e3o &#8211; Administra\u00e7\u00e3o Geral<\/li>\n<li>N\u00edvel hier\u00e1rquico: Estagi\u00e1rio<\/li>\n<\/ul>\n<p>HABILIDADES<\/p>\n<ul>\n<li>Aten\u00e7\u00e3o aos detalhes<\/li>\n<li>Senso de urg\u00eancia<\/li>\n<li>Proatividade<\/li>\n<li>Vontade de aprender.<\/li>\n<\/ul>\n<p>Escolaridade M\u00ednima: Ensino Superior<\/p>\n","protected":false},"excerpt":{"rendered":"<p>Estamos em busca de um(a) Estagi\u00e1rio(a) Administrativo(a) para atuar no setor de Atacado, oferecendo suporte \u00e0s rotinas administrativas e \u00e0 equipe comercial. Se voc\u00ea \u00e9 organizado(a), atento(a) aos detalhes e quer desenvolver sua carreira na \u00e1rea administrativa\/comercial, essa oportunidade \u00e9 para voc\u00ea! Principais atividades Manuten\u00e7\u00e3o e preenchimento de planilhas em Excel; Abertura e acompanhamento de [&hellip;]<\/p>\n","protected":false},"author":1,"featured_media":0,"comment_status":"open","ping_status":"open","sticky":false,"template":"","format":"standard","meta":{"footnotes":""},"categories":[21],"tags":[],"class_list":["post-3841","post","type-post","status-publish","format-standard","hentry","category-rio-de-janeiro-rj"],"_links":{"self":[{"href":"https:\/\/vagas.portalemprego.com.br\/index.php?rest_route=\/wp\/v2\/posts\/3841","targetHints":{"allow":["GET"]}}],"collection":[{"href":"https:\/\/vagas.portalemprego.com.br\/index.php?rest_route=\/wp\/v2\/posts"}],"about":[{"href":"https:\/\/vagas.portalemprego.com.br\/index.php?rest_route=\/wp\/v2\/types\/post"}],"author":[{"embeddable":true,"href":"https:\/\/vagas.portalemprego.com.br\/index.php?rest_route=\/wp\/v2\/users\/1"}],"replies":[{"embeddable":true,"href":"https:\/\/vagas.portalemprego.com.br\/index.php?rest_route=%2Fwp%2Fv2%2Fcomments&post=3841"}],"version-history":[{"count":0,"href":"https:\/\/vagas.portalemprego.com.br\/index.php?rest_route=\/wp\/v2\/posts\/3841\/revisions"}],"wp:attachment":[{"href":"https:\/\/vagas.portalemprego.com.br\/index.php?rest_route=%2Fwp%2Fv2%2Fmedia&parent=3841"}],"wp:term":[{"taxonomy":"category","embeddable":true,"href":"https:\/\/vagas.portalemprego.com.br\/index.php?rest_route=%2Fwp%2Fv2%2Fcategories&post=3841"},{"taxonomy":"post_tag","embeddable":true,"href":"https:\/\/vagas.portalemprego.com.br\/index.php?rest_route=%2Fwp%2Fv2%2Ftags&post=3841"}],"curies":[{"name":"wp","href":"https:\/\/api.w.org\/{rel}","templated":true}]}}