{"id":3842,"date":"2026-04-29T06:13:13","date_gmt":"2026-04-29T09:13:13","guid":{"rendered":"https:\/\/vagas.portalemprego.com.br\/?p=3842"},"modified":"2026-04-29T06:13:13","modified_gmt":"2026-04-29T09:13:13","slug":"analista-de-cobranca-contabil-financas-economia-rio-de-janeiro","status":"publish","type":"post","link":"https:\/\/vagas.portalemprego.com.br\/?p=3842","title":{"rendered":"Analista de Cobran\u00e7a &#8211; Cont\u00e1bil, Finan\u00e7as, Economia &#8211; Rio de Janeiro"},"content":{"rendered":"<p>Estamos Trabalhando uma vaga para nosso cliente parceiro, sobre a vaga:<\/p>\n<p>Vaga: Analista de Cobran\u00e7a<br \/>\n Local: S\u00e3o Crist\u00f3v\u00e3o &#8211; RJ<br \/>\n Regime de contrata\u00e7\u00e3o: CLT<br \/>\n Hor\u00e1rio\/Dias de trabalho: Segunda a sexta, das 7h30 \u00e0s 17h18<br \/>\nSalario: R$ 3.000,00<\/p>\n<p> Forma\u00e7\u00e3o Acad\u00eamica:<br \/>\nForma\u00e7\u00e3o: Ensino Superior Completo em Administra\u00e7\u00e3o, Economia ou Ci\u00eancias Cont\u00e1beis<br \/>\nCurso: Pacote Office avan\u00e7ado, com \u00eanfase em Excel<\/p>\n<p> Atividades a serem desenvolvidas:<br \/>\nAn\u00e1lise de Clientes;<br \/>\nGest\u00e3o de Contas a Receber;<br \/>\nComunica\u00e7\u00e3o com Clientes;<br \/>\nElabora\u00e7\u00e3o de Relat\u00f3rios;<br \/>\nAcompanhamento de Processos de Cobran\u00e7a;<br \/>\nDesenvolvimento de Estrat\u00e9gias de Cobran\u00e7a;<br \/>\nRelacionamento com Outras \u00c1reas;<br \/>\nFeedback e Melhoria Cont\u00ednua;<\/p>\n<p> Requisitos:<br \/>\nEnsino Superior Completo na \u00e1rea de Administra\u00e7\u00e3o, Economia, Ci\u00eancias Cont\u00e1beis,<br \/>\nPacote Office avan\u00e7ado com \u00eanfase em Excel;<br \/>\nRotina de contas a receber.<\/p>\n<p>Benef\u00edcios:<br \/>\nPlano de Sa\u00fade;<br \/>\nPlano Odontol\u00f3gico;<br \/>\nVale Refei\u00e7\u00e3o: R$ 23,00 por dia;<br \/>\nVale Transporte;<br \/>\nSeguro de Vida.<\/p>\n<ul>\n<li>Local de trabalho: Rio de Janeiro, RJ<\/li>\n<li>Regime de contrata\u00e7\u00e3o de tipo: Efetivo \u2013 CLT<\/li>\n<li>Jornada: Per\u00edodo Integral<\/li>\n<li>\u00c1rea e especializa\u00e7\u00e3o profissional: Cont\u00e1bil, Finan\u00e7as, Economia &#8211; Cr\u00e9dito e Cobran\u00e7a<\/li>\n<li>N\u00edvel hier\u00e1rquico: Analista<\/li>\n<\/ul>\n<p>HABILIDADES<\/p>\n<ul>\n<li>Ensino Superior Completo na \u00e1rea de Administra\u00e7\u00e3o, Economia, Ci\u00eancias Cont\u00e1beis,  Pacote Office avan\u00e7ado com \u00eanfase em Excel; Rotina de contas a receber.<\/li>\n<\/ul>\n<p>Escolaridade M\u00ednima: Ensino Superior<\/p>\n<p>Sal\u00e1rio: 3300,0<\/p>\n","protected":false},"excerpt":{"rendered":"<p>Estamos Trabalhando uma vaga para nosso cliente parceiro, sobre a vaga: Vaga: Analista de Cobran\u00e7a Local: S\u00e3o Crist\u00f3v\u00e3o &#8211; RJ Regime de contrata\u00e7\u00e3o: CLT Hor\u00e1rio\/Dias de trabalho: Segunda a sexta, das 7h30 \u00e0s 17h18 Salario: R$ 3.000,00 Forma\u00e7\u00e3o Acad\u00eamica: Forma\u00e7\u00e3o: Ensino Superior Completo em Administra\u00e7\u00e3o, Economia ou Ci\u00eancias Cont\u00e1beis Curso: Pacote Office avan\u00e7ado, com \u00eanfase [&hellip;]<\/p>\n","protected":false},"author":1,"featured_media":0,"comment_status":"open","ping_status":"open","sticky":false,"template":"","format":"standard","meta":{"footnotes":""},"categories":[21],"tags":[],"class_list":["post-3842","post","type-post","status-publish","format-standard","hentry","category-rio-de-janeiro-rj"],"_links":{"self":[{"href":"https:\/\/vagas.portalemprego.com.br\/index.php?rest_route=\/wp\/v2\/posts\/3842","targetHints":{"allow":["GET"]}}],"collection":[{"href":"https:\/\/vagas.portalemprego.com.br\/index.php?rest_route=\/wp\/v2\/posts"}],"about":[{"href":"https:\/\/vagas.portalemprego.com.br\/index.php?rest_route=\/wp\/v2\/types\/post"}],"author":[{"embeddable":true,"href":"https:\/\/vagas.portalemprego.com.br\/index.php?rest_route=\/wp\/v2\/users\/1"}],"replies":[{"embeddable":true,"href":"https:\/\/vagas.portalemprego.com.br\/index.php?rest_route=%2Fwp%2Fv2%2Fcomments&post=3842"}],"version-history":[{"count":0,"href":"https:\/\/vagas.portalemprego.com.br\/index.php?rest_route=\/wp\/v2\/posts\/3842\/revisions"}],"wp:attachment":[{"href":"https:\/\/vagas.portalemprego.com.br\/index.php?rest_route=%2Fwp%2Fv2%2Fmedia&parent=3842"}],"wp:term":[{"taxonomy":"category","embeddable":true,"href":"https:\/\/vagas.portalemprego.com.br\/index.php?rest_route=%2Fwp%2Fv2%2Fcategories&post=3842"},{"taxonomy":"post_tag","embeddable":true,"href":"https:\/\/vagas.portalemprego.com.br\/index.php?rest_route=%2Fwp%2Fv2%2Ftags&post=3842"}],"curies":[{"name":"wp","href":"https:\/\/api.w.org\/{rel}","templated":true}]}}