{"id":3846,"date":"2026-04-29T06:13:13","date_gmt":"2026-04-29T09:13:13","guid":{"rendered":"https:\/\/vagas.portalemprego.com.br\/?p=3846"},"modified":"2026-04-29T06:13:13","modified_gmt":"2026-04-29T09:13:13","slug":"fiscal-de-prevencao-de-perdas-auditoria-rio-de-janeiro","status":"publish","type":"post","link":"https:\/\/vagas.portalemprego.com.br\/?p=3846","title":{"rendered":"Fiscal de Preven\u00e7\u00e3o de Perdas &#8211; Auditoria &#8211; Rio de Janeiro"},"content":{"rendered":"<p>Oportunidade de Carreira em Seguran\u00e7a e Preven\u00e7\u00e3o de Perdas<\/p>\n<p>Estamos em busca de um profissional dedicado e atento para o cargo de Fiscal de Preven\u00e7\u00e3o de Perdas.<br \/>\nSe voc\u00ea tem experi\u00eancia em monitorar e proteger os ativos de uma empresa, esta \u00e9 uma oportunidade que pode ser perfeita para voc\u00ea.<\/p>\n<p>Como Fiscal de Preven\u00e7\u00e3o de Perdas, voc\u00ea ser\u00e1 respons\u00e1vel por desenvolver e implementar estrat\u00e9gias para minimizar perdas por roubo, furto e outros incidentes.<br \/>\nSeu papel ser\u00e1 fundamental para garantir a seguran\u00e7a dos produtos e do patrim\u00f4nio da empresa.<\/p>\n<p>As principais responsabilidades incluem a supervis\u00e3o de opera\u00e7\u00f5es de seguran\u00e7a, a realiza\u00e7\u00e3o de rondas regulares, a an\u00e1lise de comportamentos suspeitos e a colabora\u00e7\u00e3o com equipes internas e externas para garantir um ambiente seguro.<br \/>\nAl\u00e9m disso, voc\u00ea dever\u00e1 documentar incidentes e propor melhorias cont\u00ednuas nos processos de preven\u00e7\u00e3o.<\/p>\n<p>Experi\u00eancia em vigil\u00e2ncia, conhecimento em t\u00e9cnicas de preven\u00e7\u00e3o de perdas e uma atitude proativa s\u00e3o essenciais para este cargo.<br \/>\nO candidato ideal deve ter uma boa capacidade de observa\u00e7\u00e3o, habilidades de comunica\u00e7\u00e3o e uma mentalidade orientada para resultados.<\/p>\n<p>Se voc\u00ea \u00e9 algu\u00e9m que se destaca em manter a ordem e proteger os ativos de uma organiza\u00e7\u00e3o, esta \u00e9 a chance de fazer a diferen\u00e7a em um ambiente que valoriza a seguran\u00e7a e a efici\u00eancia.<br \/>\nJunte-se a n\u00f3s e contribua para criar um ambiente de trabalho seguro e protegido.<\/p>\n<p>A EXCLUSIVA RH oferece um ambiente de trabalho desafiador e gratificante, com oportunidades de crescimento profissional e desenvolvimento cont\u00ednuo.<br \/>\nVenha fazer parte de uma equipe comprometida com a excel\u00eancia em seguran\u00e7a e preven\u00e7\u00e3o de perdas.<\/p>\n<ul>\n<li>Local de trabalho: Rio de Janeiro, RJ<\/li>\n<li>Regime de contrata\u00e7\u00e3o de tipo: Tempor\u00e1rio<\/li>\n<li>Jornada: Per\u00edodo Integral<\/li>\n<li>\u00c1rea e especializa\u00e7\u00e3o profissional: Auditoria &#8211; Auditoria Interna<\/li>\n<li>N\u00edvel hier\u00e1rquico: Analista<\/li>\n<\/ul>\n<p>VALORIZADO<\/p>\n<p>Tempo de experi\u00eancia: Sem experi\u00eancia<\/p>\n<p>Escolaridade M\u00ednima: Ensino M\u00e9dio (2\u00ba Grau)<\/p>\n","protected":false},"excerpt":{"rendered":"<p>Oportunidade de Carreira em Seguran\u00e7a e Preven\u00e7\u00e3o de Perdas Estamos em busca de um profissional dedicado e atento para o cargo de Fiscal de Preven\u00e7\u00e3o de Perdas. Se voc\u00ea tem experi\u00eancia em monitorar e proteger os ativos de uma empresa, esta \u00e9 uma oportunidade que pode ser perfeita para voc\u00ea. Como Fiscal de Preven\u00e7\u00e3o de [&hellip;]<\/p>\n","protected":false},"author":1,"featured_media":0,"comment_status":"open","ping_status":"open","sticky":false,"template":"","format":"standard","meta":{"footnotes":""},"categories":[21],"tags":[],"class_list":["post-3846","post","type-post","status-publish","format-standard","hentry","category-rio-de-janeiro-rj"],"_links":{"self":[{"href":"https:\/\/vagas.portalemprego.com.br\/index.php?rest_route=\/wp\/v2\/posts\/3846","targetHints":{"allow":["GET"]}}],"collection":[{"href":"https:\/\/vagas.portalemprego.com.br\/index.php?rest_route=\/wp\/v2\/posts"}],"about":[{"href":"https:\/\/vagas.portalemprego.com.br\/index.php?rest_route=\/wp\/v2\/types\/post"}],"author":[{"embeddable":true,"href":"https:\/\/vagas.portalemprego.com.br\/index.php?rest_route=\/wp\/v2\/users\/1"}],"replies":[{"embeddable":true,"href":"https:\/\/vagas.portalemprego.com.br\/index.php?rest_route=%2Fwp%2Fv2%2Fcomments&post=3846"}],"version-history":[{"count":0,"href":"https:\/\/vagas.portalemprego.com.br\/index.php?rest_route=\/wp\/v2\/posts\/3846\/revisions"}],"wp:attachment":[{"href":"https:\/\/vagas.portalemprego.com.br\/index.php?rest_route=%2Fwp%2Fv2%2Fmedia&parent=3846"}],"wp:term":[{"taxonomy":"category","embeddable":true,"href":"https:\/\/vagas.portalemprego.com.br\/index.php?rest_route=%2Fwp%2Fv2%2Fcategories&post=3846"},{"taxonomy":"post_tag","embeddable":true,"href":"https:\/\/vagas.portalemprego.com.br\/index.php?rest_route=%2Fwp%2Fv2%2Ftags&post=3846"}],"curies":[{"name":"wp","href":"https:\/\/api.w.org\/{rel}","templated":true}]}}