{"id":3851,"date":"2026-04-29T06:13:13","date_gmt":"2026-04-29T09:13:13","guid":{"rendered":"https:\/\/vagas.portalemprego.com.br\/?p=3851"},"modified":"2026-04-29T06:13:13","modified_gmt":"2026-04-29T09:13:13","slug":"tecnico-enfermagem-saude-tres-rios","status":"publish","type":"post","link":"https:\/\/vagas.portalemprego.com.br\/?p=3851","title":{"rendered":"TECNICO ENFERMAGEM &#8211; Sa\u00fade &#8211; Tr\u00eas Rios"},"content":{"rendered":"<p>PRINCIPAIS\u00a0RESPONSABILIDADES\u00a0<br \/>\n\u2022\u00a0Prestar\u00a0assist\u00eancia\u00a0de\u00a0enfermagem\u00a0a\u00a0pacientes,\u00a0atrav\u00e9s\u00a0das\u00a0necessidades\u00a0observadas\u00a0e\u00a0seguindo\u00a0a\u00a0SAE\u00a0(Sistematiza\u00e7\u00e3o\u00a0da\u00a0Assist\u00eancia\u00a0de\u00a0Enfermagem).\u00a0<br \/>\n\u2022\u00a0Transmitir\u00a0as\u00a0informa\u00e7\u00f5es\u00a0durante\u00a0a\u00a0passagem\u00a0de\u00a0plant\u00e3o,\u00a0atrav\u00e9s\u00a0do\u00a0protocolo\u00a0institucional,\u00a0garantindo\u00a0a\u00a0continuidade\u00a0do\u00a0cuidado.\u00a0<br \/>\n\u2022\u00a0Executar\u00a0as\u00a0a\u00e7\u00f5es\/interven\u00e7\u00f5es\u00a0elaboradas\u00a0pelo\u00a0enfermeiro,\u00a0atrav\u00e9s\u00a0do\u00a0plano\u00a0de\u00a0cuidados\u00a0assistenciais,\u00a0garantindo\u00a0as\u00a0boas\u00a0pr\u00e1ticas\u00a0da\u00a0assist\u00eancia.\u00a0<br \/>\n\u2022\u00a0Monitorar\u00a0o\u00a0paciente\u00a0e\u00a0informar\u00a0altera\u00e7\u00f5es\u00a0ocorridas,\u00a0atrav\u00e9s\u00a0da\u00a0comunica\u00e7\u00e3o\u00a0efetiva\u00a0com\u00a0o\u00a0enfermeiro\u00a0para\u00a0garantir\u00a0a\u00a0continuidade\u00a0da\u00a0assist\u00eancia.\u00a0<br \/>\n\u2022\u00a0Auxiliar\u00a0a\u00a0equipe\u00a0multiprofissional\u00a0nos\u00a0procedimentos\u00a0t\u00e9cnicos,\u00a0atrav\u00e9s\u00a0da\u00a0promo\u00e7\u00e3o\u00a0dos\u00a0recursos\u00a0necess\u00e1rios\u00a0para\u00a0realiza\u00e7\u00e3o\u00a0de\u00a0tais\u00a0procedimentos\u00a0como\u00a0coleta\u00a0de\u00a0materiais\u00a0e\u00a0exames,\u00a0procedimentos\u00a0a\u00a0beira-leito,\u00a0deambula\u00e7\u00e3o,\u00a0aspira\u00e7\u00e3o\u00a0de\u00a0VAS\u00a0(Vias\u00a0A\u00e9reas\u00a0Superiores),\u00a0passagem\u00a0de\u00a0dispositivos,\u00a0curativos,\u00a0entre\u00a0outros.\u00a0<br \/>\n\u2022\u00a0Manter\u00a0a\u00a0higiene\u00a0do\u00a0ambiente\u00a0ao\u00a0redor\u00a0do\u00a0paciente,\u00a0atrav\u00e9s\u00a0da\u00a0limpeza\u00a0terminal\u00a0e\u00a0concorrente\u00a0de\u00a0equipamentos,\u00a0preservando\u00a0o\u00a0funcionamento\u00a0adequado,\u00a0assim\u00a0como\u00a0o\u00a0mau\u00a0funcionamento\u00a0e\u00a0a\u00a0necessidade\u00a0de\u00a0manuten\u00e7\u00e3o.\u00a0<br \/>\n\u2022\u00a0Auxiliar\u00a0na\u00a0preven\u00e7\u00e3o\u00a0e\u00a0controle\u00a0sistem\u00e1tico\u00a0de\u00a0danos\u00a0a\u00a0pacientes\u00a0durante\u00a0a\u00a0assist\u00eancia\u00a0de\u00a0sa\u00fade,\u00a0atrav\u00e9s\u00a0do\u00a0cumprimento\u00a0das\u00a0metas\u00a0de\u00a0seguran\u00e7a\u00a0do\u00a0paciente\u00a0para\u00a0evitar\u00a0os\u00a0eventos\u00a0adversos\u00a0e\/ou\u00a0sentinelas.\u00a0<br \/>\n\u2022\u00a0Executar\u00a0as\u00a0pr\u00e1ticas\u00a0de\u00a0seguran\u00e7a\u00a0atrav\u00e9s\u00a0do\u00a0cumprimento\u00a0das\u00a0normativas\u00a0da\u00a0NR32,\u00a0medicina\u00a0ocupacional,\u00a0SCIH\u00a0e\u00a0SEST.<\/p>\n<ul>\n<li>Local de trabalho: Tr\u00eas Rios, RJ<\/li>\n<li>Regime de contrata\u00e7\u00e3o de tipo: Efetivo \u2013 CLT<\/li>\n<li>Jornada: Per\u00edodo Integral<\/li>\n<li>\u00c1rea e especializa\u00e7\u00e3o profissional: Sa\u00fade &#8211; Enfermagem<\/li>\n<li>N\u00edvel hier\u00e1rquico: Assistente<\/li>\n<\/ul>\n<p>VALORIZADO<\/p>\n<p>Tempo de experi\u00eancia: Entre 1 e 3 anos<\/p>\n<p>HABILIDADES<\/p>\n<ul>\n<li>SIMPATICO<\/li>\n<li>COMUNICATIVO<\/li>\n<li>ORGANIZADO<\/li>\n<li>INFORMATICA BASICA<\/li>\n<li>TECNICAS DE ATENDIMENTO<\/li>\n<li>EDUCADO<\/li>\n<li>PONTUAL<\/li>\n<\/ul>\n<p>Escolaridade M\u00ednima: Curso T\u00e9cnico<\/p>\n<p>Forma\u00e7\u00e3o desejada:<\/p>\n<ul>\n<li>Enfermagem, Curso T\u00e9cnico<\/li>\n<\/ul>\n<p>Idiomas:<\/p>\n<ul>\n<li>Portugu\u00eas (Nativo)<\/li>\n<\/ul>\n<ul>\n<li>WELLHUB<\/li>\n<li>ASSISTENCIA MEDICA<\/li>\n<li>SAUDE MENTAL<\/li>\n<li>PARCERIA SESC<\/li>\n<li>SEGURO DE VIDA<\/li>\n<li>ASSISTENCIA ODONTOLOGICA<\/li>\n<li>REFEI\u00c7\u00c3O NO LOCAL<\/li>\n<li>AUXILIO FARMACIA<\/li>\n<li>VALE ALIMENTA\u00c7\u00c3O<\/li>\n<li>VALE TRANSPORTE<\/li>\n<li>AUXILIO CRECHE<\/li>\n<\/ul>\n","protected":false},"excerpt":{"rendered":"<p>PRINCIPAIS\u00a0RESPONSABILIDADES\u00a0 \u2022\u00a0Prestar\u00a0assist\u00eancia\u00a0de\u00a0enfermagem\u00a0a\u00a0pacientes,\u00a0atrav\u00e9s\u00a0das\u00a0necessidades\u00a0observadas\u00a0e\u00a0seguindo\u00a0a\u00a0SAE\u00a0(Sistematiza\u00e7\u00e3o\u00a0da\u00a0Assist\u00eancia\u00a0de\u00a0Enfermagem).\u00a0 \u2022\u00a0Transmitir\u00a0as\u00a0informa\u00e7\u00f5es\u00a0durante\u00a0a\u00a0passagem\u00a0de\u00a0plant\u00e3o,\u00a0atrav\u00e9s\u00a0do\u00a0protocolo\u00a0institucional,\u00a0garantindo\u00a0a\u00a0continuidade\u00a0do\u00a0cuidado.\u00a0 \u2022\u00a0Executar\u00a0as\u00a0a\u00e7\u00f5es\/interven\u00e7\u00f5es\u00a0elaboradas\u00a0pelo\u00a0enfermeiro,\u00a0atrav\u00e9s\u00a0do\u00a0plano\u00a0de\u00a0cuidados\u00a0assistenciais,\u00a0garantindo\u00a0as\u00a0boas\u00a0pr\u00e1ticas\u00a0da\u00a0assist\u00eancia.\u00a0 \u2022\u00a0Monitorar\u00a0o\u00a0paciente\u00a0e\u00a0informar\u00a0altera\u00e7\u00f5es\u00a0ocorridas,\u00a0atrav\u00e9s\u00a0da\u00a0comunica\u00e7\u00e3o\u00a0efetiva\u00a0com\u00a0o\u00a0enfermeiro\u00a0para\u00a0garantir\u00a0a\u00a0continuidade\u00a0da\u00a0assist\u00eancia.\u00a0 \u2022\u00a0Auxiliar\u00a0a\u00a0equipe\u00a0multiprofissional\u00a0nos\u00a0procedimentos\u00a0t\u00e9cnicos,\u00a0atrav\u00e9s\u00a0da\u00a0promo\u00e7\u00e3o\u00a0dos\u00a0recursos\u00a0necess\u00e1rios\u00a0para\u00a0realiza\u00e7\u00e3o\u00a0de\u00a0tais\u00a0procedimentos\u00a0como\u00a0coleta\u00a0de\u00a0materiais\u00a0e\u00a0exames,\u00a0procedimentos\u00a0a\u00a0beira-leito,\u00a0deambula\u00e7\u00e3o,\u00a0aspira\u00e7\u00e3o\u00a0de\u00a0VAS\u00a0(Vias\u00a0A\u00e9reas\u00a0Superiores),\u00a0passagem\u00a0de\u00a0dispositivos,\u00a0curativos,\u00a0entre\u00a0outros.\u00a0 \u2022\u00a0Manter\u00a0a\u00a0higiene\u00a0do\u00a0ambiente\u00a0ao\u00a0redor\u00a0do\u00a0paciente,\u00a0atrav\u00e9s\u00a0da\u00a0limpeza\u00a0terminal\u00a0e\u00a0concorrente\u00a0de\u00a0equipamentos,\u00a0preservando\u00a0o\u00a0funcionamento\u00a0adequado,\u00a0assim\u00a0como\u00a0o\u00a0mau\u00a0funcionamento\u00a0e\u00a0a\u00a0necessidade\u00a0de\u00a0manuten\u00e7\u00e3o.\u00a0 \u2022\u00a0Auxiliar\u00a0na\u00a0preven\u00e7\u00e3o\u00a0e\u00a0controle\u00a0sistem\u00e1tico\u00a0de\u00a0danos\u00a0a\u00a0pacientes\u00a0durante\u00a0a\u00a0assist\u00eancia\u00a0de\u00a0sa\u00fade,\u00a0atrav\u00e9s\u00a0do\u00a0cumprimento\u00a0das\u00a0metas\u00a0de\u00a0seguran\u00e7a\u00a0do\u00a0paciente\u00a0para\u00a0evitar\u00a0os\u00a0eventos\u00a0adversos\u00a0e\/ou\u00a0sentinelas.\u00a0 \u2022\u00a0Executar\u00a0as\u00a0pr\u00e1ticas\u00a0de\u00a0seguran\u00e7a\u00a0atrav\u00e9s\u00a0do\u00a0cumprimento\u00a0das\u00a0normativas\u00a0da\u00a0NR32,\u00a0medicina\u00a0ocupacional,\u00a0SCIH\u00a0e\u00a0SEST. Local de trabalho: Tr\u00eas Rios, RJ Regime de contrata\u00e7\u00e3o de tipo: Efetivo \u2013 CLT Jornada: Per\u00edodo Integral \u00c1rea e especializa\u00e7\u00e3o profissional: Sa\u00fade &#8211; Enfermagem N\u00edvel hier\u00e1rquico: Assistente VALORIZADO Tempo de experi\u00eancia: Entre 1 e 3 anos HABILIDADES SIMPATICO COMUNICATIVO ORGANIZADO INFORMATICA BASICA TECNICAS DE ATENDIMENTO EDUCADO [&hellip;]<\/p>\n","protected":false},"author":1,"featured_media":0,"comment_status":"open","ping_status":"open","sticky":false,"template":"","format":"standard","meta":{"footnotes":""},"categories":[21],"tags":[],"class_list":["post-3851","post","type-post","status-publish","format-standard","hentry","category-rio-de-janeiro-rj"],"_links":{"self":[{"href":"https:\/\/vagas.portalemprego.com.br\/index.php?rest_route=\/wp\/v2\/posts\/3851","targetHints":{"allow":["GET"]}}],"collection":[{"href":"https:\/\/vagas.portalemprego.com.br\/index.php?rest_route=\/wp\/v2\/posts"}],"about":[{"href":"https:\/\/vagas.portalemprego.com.br\/index.php?rest_route=\/wp\/v2\/types\/post"}],"author":[{"embeddable":true,"href":"https:\/\/vagas.portalemprego.com.br\/index.php?rest_route=\/wp\/v2\/users\/1"}],"replies":[{"embeddable":true,"href":"https:\/\/vagas.portalemprego.com.br\/index.php?rest_route=%2Fwp%2Fv2%2Fcomments&post=3851"}],"version-history":[{"count":0,"href":"https:\/\/vagas.portalemprego.com.br\/index.php?rest_route=\/wp\/v2\/posts\/3851\/revisions"}],"wp:attachment":[{"href":"https:\/\/vagas.portalemprego.com.br\/index.php?rest_route=%2Fwp%2Fv2%2Fmedia&parent=3851"}],"wp:term":[{"taxonomy":"category","embeddable":true,"href":"https:\/\/vagas.portalemprego.com.br\/index.php?rest_route=%2Fwp%2Fv2%2Fcategories&post=3851"},{"taxonomy":"post_tag","embeddable":true,"href":"https:\/\/vagas.portalemprego.com.br\/index.php?rest_route=%2Fwp%2Fv2%2Ftags&post=3851"}],"curies":[{"name":"wp","href":"https:\/\/api.w.org\/{rel}","templated":true}]}}