{"id":3857,"date":"2026-04-29T06:13:13","date_gmt":"2026-04-29T09:13:13","guid":{"rendered":"https:\/\/vagas.portalemprego.com.br\/?p=3857"},"modified":"2026-04-29T06:13:13","modified_gmt":"2026-04-29T09:13:13","slug":"vendedor-interno-comercial-vendas-niteroi","status":"publish","type":"post","link":"https:\/\/vagas.portalemprego.com.br\/?p=3857","title":{"rendered":"Vendedor Interno &#8211; Comercial, Vendas &#8211; Niter\u00f3i"},"content":{"rendered":"<p>RHF Talentos seleciona para um de nossos conceituados clientes no ramo de Equipamentos respirat\u00f3rios<br \/>\nConsultor de Vendas Internas- Fisioterapia<br \/>\nAtribui\u00e7\u00f5es\/Conhecimentos:<br \/>\nRealizar fechamento de vendas internas<br \/>\nProspec\u00e7\u00e3o de novos clientes<br \/>\nTirar d\u00favidas dos clientes e negocia\u00e7\u00e3o interna<br \/>\nRealizar acompanhamento de propostas<br \/>\nRealiza\u00e7\u00e3o do P\u00f3s-Venda<br \/>\nSal\u00e1rio e benef\u00edcios:<br \/>\nR$ 1.780,00+ comiss\u00e3o + VT + Vale Alimenta\u00e7\u00e3o + Assist\u00eancia M\u00e9dica<br \/>\nCompet\u00eancias:<br \/>\nTer foco<br \/>\nSer uma pessoa organizada<br \/>\nAgilidade<br \/>\nCentrado<br \/>\nDin\u00e2mico e proativo<br \/>\nCriativo<br \/>\nSaber trabalhar bem em equipe<br \/>\nFoco em resultados<br \/>\nTer boa comunica\u00e7\u00e3o verbal e escrita<br \/>\nEscolaridade:<br \/>\nPreferencialmente com N\u00edvel superior completo ou cursando<br \/>\nHor\u00e1rio:<br \/>\n09:00 \u00e0s 18:00 de Seg a Sex e S\u00e1bados das 09:00 \u00e0s 14:00<br \/>\nExperi\u00eancia:<br \/>\nM\u00ednimo 6 meses comprovados na fun\u00e7\u00e3o ou similar<br \/>\nObs:<br \/>\nSomente para moradores de Niter\u00f3i ou regi\u00e3o.<\/p>\n<ul>\n<li>Local de trabalho: Niter\u00f3i, RJ<\/li>\n<li>Regime de contrata\u00e7\u00e3o de tipo: Efetivo \u2013 CLT<\/li>\n<li>Jornada: Per\u00edodo Integral<\/li>\n<li>\u00c1rea e especializa\u00e7\u00e3o profissional: Comercial, Vendas &#8211; Venda Interna<\/li>\n<li>N\u00edvel hier\u00e1rquico: Operacional<\/li>\n<\/ul>\n<p>VALORIZADO<\/p>\n<p>Tempo de experi\u00eancia: Entre 3 e 5 anos<\/p>\n<p>Escolaridade M\u00ednima: Ensino Superior<\/p>\n<ul>\n<li>Vale-refei\u00e7\u00e3o<\/li>\n<li>Vale-transporte<\/li>\n<li>Comiss\u00f5es<\/li>\n<li>Assist\u00eancia m\u00e9dica<\/li>\n<\/ul>\n<p>Sal\u00e1rio: 6000,0<\/p>\n","protected":false},"excerpt":{"rendered":"<p>RHF Talentos seleciona para um de nossos conceituados clientes no ramo de Equipamentos respirat\u00f3rios Consultor de Vendas Internas- Fisioterapia Atribui\u00e7\u00f5es\/Conhecimentos: Realizar fechamento de vendas internas Prospec\u00e7\u00e3o de novos clientes Tirar d\u00favidas dos clientes e negocia\u00e7\u00e3o interna Realizar acompanhamento de propostas Realiza\u00e7\u00e3o do P\u00f3s-Venda Sal\u00e1rio e benef\u00edcios: R$ 1.780,00+ comiss\u00e3o + VT + Vale Alimenta\u00e7\u00e3o + [&hellip;]<\/p>\n","protected":false},"author":1,"featured_media":0,"comment_status":"open","ping_status":"open","sticky":false,"template":"","format":"standard","meta":{"footnotes":""},"categories":[21],"tags":[],"class_list":["post-3857","post","type-post","status-publish","format-standard","hentry","category-rio-de-janeiro-rj"],"_links":{"self":[{"href":"https:\/\/vagas.portalemprego.com.br\/index.php?rest_route=\/wp\/v2\/posts\/3857","targetHints":{"allow":["GET"]}}],"collection":[{"href":"https:\/\/vagas.portalemprego.com.br\/index.php?rest_route=\/wp\/v2\/posts"}],"about":[{"href":"https:\/\/vagas.portalemprego.com.br\/index.php?rest_route=\/wp\/v2\/types\/post"}],"author":[{"embeddable":true,"href":"https:\/\/vagas.portalemprego.com.br\/index.php?rest_route=\/wp\/v2\/users\/1"}],"replies":[{"embeddable":true,"href":"https:\/\/vagas.portalemprego.com.br\/index.php?rest_route=%2Fwp%2Fv2%2Fcomments&post=3857"}],"version-history":[{"count":0,"href":"https:\/\/vagas.portalemprego.com.br\/index.php?rest_route=\/wp\/v2\/posts\/3857\/revisions"}],"wp:attachment":[{"href":"https:\/\/vagas.portalemprego.com.br\/index.php?rest_route=%2Fwp%2Fv2%2Fmedia&parent=3857"}],"wp:term":[{"taxonomy":"category","embeddable":true,"href":"https:\/\/vagas.portalemprego.com.br\/index.php?rest_route=%2Fwp%2Fv2%2Fcategories&post=3857"},{"taxonomy":"post_tag","embeddable":true,"href":"https:\/\/vagas.portalemprego.com.br\/index.php?rest_route=%2Fwp%2Fv2%2Ftags&post=3857"}],"curies":[{"name":"wp","href":"https:\/\/api.w.org\/{rel}","templated":true}]}}