{"id":3859,"date":"2026-04-29T06:13:13","date_gmt":"2026-04-29T09:13:13","guid":{"rendered":"https:\/\/vagas.portalemprego.com.br\/?p=3859"},"modified":"2026-04-29T06:13:13","modified_gmt":"2026-04-29T09:13:13","slug":"vendedora-de-loja-shopping-riosul-comercial-vendas-rio-de-janeiro","status":"publish","type":"post","link":"https:\/\/vagas.portalemprego.com.br\/?p=3859","title":{"rendered":"Vendedor(a) de Loja &#8211;  Shopping  RioSul &#8211; Comercial, Vendas &#8211; Rio de Janeiro"},"content":{"rendered":"<p>Estamos em busca de um(a) profissional apaixonado(a) por hair care e cuidados com o cabelo, com foco em vendas e excel\u00eancia no atendimento ao cliente, para atuar em nossa loja especializada em produtos de beleza e tratamentos capilares.<br \/>\nRemunera\u00e7\u00e3o:<br \/>\nR$ 1.810,00 mensal<br \/>\nBenef\u00edcios:<br \/>\nVale Refei\u00e7\u00e3o (VR): R$ 26,00 por dia &#8211; Vale Transporte (VT) &#8211; Comiss\u00f5es: 3% a 5% vari\u00e1vel sobre vendas realizadas \u2013 Bonifica\u00e7\u00f5es 1% a 2% sobre as vendas, realizadas &#8211; Campanhas de Incentivo &#8211; Plano de Sa\u00fade: Amil.<br \/>\nHor\u00e1rio dispon\u00edvel:<br \/>\nDas 10 \u00e0s 18h;<br \/>\nEscala de Hor\u00e1rio 6&#215;1 em turno de 8hrs com 1h de intervalo;<br \/>\nFolga fixa uma vez por semana e a cada dois domingos trabalhados, um domingo de folga.<br \/>\nPrincipais atividades:<br \/>\nVendas, atendimento ao cliente, negocia\u00e7\u00e3o e apoio nas demais rotinas da loja.<br \/>\n&#8211; Oferecer o melhor atendimento, orientando o consumidor sobre o que comprar e como usar;<br \/>\n&#8211; Conhecer o produto em detalhes (ingredientes e modo de uso);<br \/>\n&#8211; Zelar pelo espa\u00e7o, produtos e estoque;<br \/>\n&#8211; Executar outras atividades de mesma natureza e complexidade, de acordo com a necessidade da loja.<br \/>\nRequisitos:<br \/>\nConhecimento com vendas e atendimento ao cliente;<br \/>\nConhecimento no universo de beleza e cuidados com o cabelo (haircare);<br \/>\nBoa dic\u00e7\u00e3o e habilidade de comunica\u00e7\u00e3o eficaz;<br \/>\nPerfil proativo e din\u00e2mico;<br \/>\nDisponibilidade para trabalhar em turnos e finais de semana.<\/p>\n<ul>\n<li>Local de trabalho: Rio de Janeiro, RJ<\/li>\n<li>Regime de contrata\u00e7\u00e3o de tipo: Efetivo \u2013 CLT<\/li>\n<li>Jornada: Per\u00edodo Integral<\/li>\n<li>\u00c1rea e especializa\u00e7\u00e3o profissional: Comercial, Vendas &#8211; Lojas \/ Shopping<\/li>\n<li>N\u00edvel hier\u00e1rquico: Operacional<\/li>\n<\/ul>\n<p>VALORIZADO<\/p>\n<p>Tempo de experi\u00eancia: Entre 1 e 3 anos<\/p>\n<p>HABILIDADES<\/p>\n<ul>\n<li>#atendimento<\/li>\n<li>#responsabilidade<\/li>\n<li>#proativo<\/li>\n<li>#negociacao<\/li>\n<li>#trabalhoemequipe<\/li>\n<li>#comunicacao<\/li>\n<\/ul>\n<p>Escolaridade M\u00ednima: Ensino M\u00e9dio (2\u00ba Grau)<\/p>\n<ul>\n<li>Comiss\u00e3o<\/li>\n<li>Seguro de Vida<\/li>\n<li>Bonifica\u00e7\u00e3o<\/li>\n<li>VR<\/li>\n<li>Campanha de Incentivo<\/li>\n<li>Plano de Sa\u00fade<\/li>\n<li>VT<\/li>\n<\/ul>\n<p>Sal\u00e1rio: 1810,0<\/p>\n","protected":false},"excerpt":{"rendered":"<p>Estamos em busca de um(a) profissional apaixonado(a) por hair care e cuidados com o cabelo, com foco em vendas e excel\u00eancia no atendimento ao cliente, para atuar em nossa loja especializada em produtos de beleza e tratamentos capilares. Remunera\u00e7\u00e3o: R$ 1.810,00 mensal Benef\u00edcios: Vale Refei\u00e7\u00e3o (VR): R$ 26,00 por dia &#8211; Vale Transporte (VT) &#8211; [&hellip;]<\/p>\n","protected":false},"author":1,"featured_media":0,"comment_status":"open","ping_status":"open","sticky":false,"template":"","format":"standard","meta":{"footnotes":""},"categories":[21],"tags":[],"class_list":["post-3859","post","type-post","status-publish","format-standard","hentry","category-rio-de-janeiro-rj"],"_links":{"self":[{"href":"https:\/\/vagas.portalemprego.com.br\/index.php?rest_route=\/wp\/v2\/posts\/3859","targetHints":{"allow":["GET"]}}],"collection":[{"href":"https:\/\/vagas.portalemprego.com.br\/index.php?rest_route=\/wp\/v2\/posts"}],"about":[{"href":"https:\/\/vagas.portalemprego.com.br\/index.php?rest_route=\/wp\/v2\/types\/post"}],"author":[{"embeddable":true,"href":"https:\/\/vagas.portalemprego.com.br\/index.php?rest_route=\/wp\/v2\/users\/1"}],"replies":[{"embeddable":true,"href":"https:\/\/vagas.portalemprego.com.br\/index.php?rest_route=%2Fwp%2Fv2%2Fcomments&post=3859"}],"version-history":[{"count":0,"href":"https:\/\/vagas.portalemprego.com.br\/index.php?rest_route=\/wp\/v2\/posts\/3859\/revisions"}],"wp:attachment":[{"href":"https:\/\/vagas.portalemprego.com.br\/index.php?rest_route=%2Fwp%2Fv2%2Fmedia&parent=3859"}],"wp:term":[{"taxonomy":"category","embeddable":true,"href":"https:\/\/vagas.portalemprego.com.br\/index.php?rest_route=%2Fwp%2Fv2%2Fcategories&post=3859"},{"taxonomy":"post_tag","embeddable":true,"href":"https:\/\/vagas.portalemprego.com.br\/index.php?rest_route=%2Fwp%2Fv2%2Ftags&post=3859"}],"curies":[{"name":"wp","href":"https:\/\/api.w.org\/{rel}","templated":true}]}}