{"id":3860,"date":"2026-04-29T06:13:13","date_gmt":"2026-04-29T09:13:13","guid":{"rendered":"https:\/\/vagas.portalemprego.com.br\/?p=3860"},"modified":"2026-04-29T06:13:13","modified_gmt":"2026-04-29T09:13:13","slug":"lider-de-loja-comercial-vendas-angra-dos-reis","status":"publish","type":"post","link":"https:\/\/vagas.portalemprego.com.br\/?p=3860","title":{"rendered":"L\u00edder de Loja &#8211; Comercial, Vendas &#8211; Angra dos Reis"},"content":{"rendered":"<p>Sobre a vaga:<br \/>\nTrabalhamos para voc\u00ea ser mais voc\u00ea em todos os momentos, come\u00e7ando pela sua carreira. Se voc\u00ea se identifica conosco e procura uma empresa, acima de tudo, apaixonada por pessoas, #VemPraC&amp;A! ??<\/p>\n<p>Principais atribui\u00e7\u00f5es:<br \/>\nImplementa\u00e7\u00e3o da estrat\u00e9gia de vendas e opera\u00e7\u00f5es de produtos;\u00a0<br \/>\nCoordena\u00e7\u00e3o de equipe em termos de hor\u00e1rios, tarefas e cumprimento das metas;\u00a0\u00a0<br \/>\nAcompanhamentos dos resultados e excel\u00eancia operacional ao longo do dia, m\u00eas e ano;\u00a0\u00a0<br \/>\nAuxiliar o Supervisor e Gerente na forma\u00e7\u00e3o de novos l\u00edderes e monitores.<\/p>\n<p>Requisitos obrigat\u00f3rios:<br \/>\nEnsino M\u00e9dio completo;\u00a0<br \/>\nDisponibilidade de hor\u00e1rio;\u00a0<br \/>\nDesej\u00e1vel experi\u00eancia como l\u00edder em loja de varejo\/departamentos.<\/p>\n<ul>\n<li>Local de trabalho: Angra dos Reis, RJ<\/li>\n<li>Regime de contrata\u00e7\u00e3o de tipo: Efetivo \u2013 CLT<\/li>\n<li>Jornada: Per\u00edodo Integral<\/li>\n<li>\u00c1rea e especializa\u00e7\u00e3o profissional: Comercial, Vendas &#8211; Lojas \/ Shopping<\/li>\n<li>N\u00edvel hier\u00e1rquico: Encarregado<\/li>\n<\/ul>\n<p>VALORIZADO<\/p>\n<p>Tempo de experi\u00eancia: Entre 1 e 3 anos<\/p>\n<p>Escolaridade M\u00ednima: Ensino M\u00e9dio (2\u00ba Grau)<\/p>\n<ul>\n<li>Assist\u00eancia M\u00e9dica e Odontol\u00f3gica (titular e dependentes, ap\u00f3s 12 meses)<\/li>\n<li>Wellhub\/Gympass<\/li>\n<li>Telemedicina e Teleterapias (titular e dependentes)<\/li>\n<li>Conv\u00eanio Sesc<\/li>\n<li>Vale transporte<\/li>\n<li>Participa\u00e7\u00e3o de lucros<\/li>\n<li>Day-off \u2013 folga de anivers\u00e1rio<\/li>\n<li>Desconto de 20% nos produtos C&amp;A<\/li>\n<li>Vale-refei\u00e7\u00e3o e\/ou Vale-alimenta\u00e7\u00e3o<\/li>\n<li>Conv\u00eanio Farm\u00e1cia<\/li>\n<\/ul>\n","protected":false},"excerpt":{"rendered":"<p>Sobre a vaga: Trabalhamos para voc\u00ea ser mais voc\u00ea em todos os momentos, come\u00e7ando pela sua carreira. Se voc\u00ea se identifica conosco e procura uma empresa, acima de tudo, apaixonada por pessoas, #VemPraC&amp;A! ?? Principais atribui\u00e7\u00f5es: Implementa\u00e7\u00e3o da estrat\u00e9gia de vendas e opera\u00e7\u00f5es de produtos;\u00a0 Coordena\u00e7\u00e3o de equipe em termos de hor\u00e1rios, tarefas e cumprimento [&hellip;]<\/p>\n","protected":false},"author":1,"featured_media":0,"comment_status":"open","ping_status":"open","sticky":false,"template":"","format":"standard","meta":{"footnotes":""},"categories":[21],"tags":[],"class_list":["post-3860","post","type-post","status-publish","format-standard","hentry","category-rio-de-janeiro-rj"],"_links":{"self":[{"href":"https:\/\/vagas.portalemprego.com.br\/index.php?rest_route=\/wp\/v2\/posts\/3860","targetHints":{"allow":["GET"]}}],"collection":[{"href":"https:\/\/vagas.portalemprego.com.br\/index.php?rest_route=\/wp\/v2\/posts"}],"about":[{"href":"https:\/\/vagas.portalemprego.com.br\/index.php?rest_route=\/wp\/v2\/types\/post"}],"author":[{"embeddable":true,"href":"https:\/\/vagas.portalemprego.com.br\/index.php?rest_route=\/wp\/v2\/users\/1"}],"replies":[{"embeddable":true,"href":"https:\/\/vagas.portalemprego.com.br\/index.php?rest_route=%2Fwp%2Fv2%2Fcomments&post=3860"}],"version-history":[{"count":0,"href":"https:\/\/vagas.portalemprego.com.br\/index.php?rest_route=\/wp\/v2\/posts\/3860\/revisions"}],"wp:attachment":[{"href":"https:\/\/vagas.portalemprego.com.br\/index.php?rest_route=%2Fwp%2Fv2%2Fmedia&parent=3860"}],"wp:term":[{"taxonomy":"category","embeddable":true,"href":"https:\/\/vagas.portalemprego.com.br\/index.php?rest_route=%2Fwp%2Fv2%2Fcategories&post=3860"},{"taxonomy":"post_tag","embeddable":true,"href":"https:\/\/vagas.portalemprego.com.br\/index.php?rest_route=%2Fwp%2Fv2%2Ftags&post=3860"}],"curies":[{"name":"wp","href":"https:\/\/api.w.org\/{rel}","templated":true}]}}