{"id":3861,"date":"2026-04-29T06:13:13","date_gmt":"2026-04-29T09:13:13","guid":{"rendered":"https:\/\/vagas.portalemprego.com.br\/?p=3861"},"modified":"2026-04-29T06:13:13","modified_gmt":"2026-04-29T09:13:13","slug":"coordenador-financeiro-contabil-financas-economia-rio-de-janeiro","status":"publish","type":"post","link":"https:\/\/vagas.portalemprego.com.br\/?p=3861","title":{"rendered":"Coordenador Financeiro &#8211; Cont\u00e1bil, Finan\u00e7as, Economia &#8211; Rio de Janeiro"},"content":{"rendered":"<p>?? Vaga urgente??<br \/>\nConfeitaria no Jardim Bot\u00e2nico contrata: Coordenador Financeiro<br \/>\n*Vaga presencial<br \/>\nPrincipais atividades:<br \/>\n&#8211; Respons\u00e1vel pela gest\u00e3o e an\u00e1lise do DRE, fluxo de caixa e or\u00e7amento, assegurando controle de receitas, custos, despesas e rentabilidade.<br \/>\n&#8211; Atua\u00e7\u00e3o na gest\u00e3o de contas a pagar e receber, concilia\u00e7\u00f5es financeiras e acompanhamento de obriga\u00e7\u00f5es fiscais e tribut\u00e1rias junto \u00e0 contabilidade. &#8211; Elabora\u00e7\u00e3o de relat\u00f3rios gerenciais e indicadores para suporte \u00e0 tomada de decis\u00e3o.<br \/>\n&#8211; Supervis\u00e3o das rotinas administrativas, incluindo processos de Departamento Pessoal e interface com contabilidade e RH externo.<\/p>\n<p>Requisitos:<br \/>\n&#8211; Experi\u00eancia anterior como Analista ou Coordenador na \u00e1rea cont\u00e1bil no ramo aliment\u00edcio;<br \/>\n&#8211; Ensino superior conclu\u00eddo ou em andamento em Ci\u00eancias Cont\u00e1beis e \u00e1reas correlatas;<br \/>\n&#8211; Pacote office intermedi\u00e1rio\/avan\u00e7ado.<br \/>\n&#8211; F\u00e1cil acesso at\u00e9 o Jardim Bot\u00e2nico<\/p>\n<p>Hor\u00e1rio: Segunda \u00e0 sexta de\u00a09h \u00e0s 18h<br \/>\nRemunera\u00e7\u00e3o: Estamos trabalhando com pretens\u00e3o salarial do candidato.<br \/>\nBenef\u00edcios: Assist\u00eancia m\u00e9dica, Assist\u00eancia odontol\u00f3gica, Vale-Alimenta\u00e7\u00e3o, Vale transporte<\/p>\n<ul>\n<li>Local de trabalho: Rio de Janeiro, RJ<\/li>\n<li>Regime de contrata\u00e7\u00e3o de tipo: Efetivo \u2013 CLT<\/li>\n<li>Jornada: Per\u00edodo Integral<\/li>\n<li>\u00c1rea e especializa\u00e7\u00e3o profissional: Cont\u00e1bil, Finan\u00e7as, Economia &#8211; Finan\u00e7as<\/li>\n<li>N\u00edvel hier\u00e1rquico: Coordenador<\/li>\n<\/ul>\n<p>Escolaridade M\u00ednima: Ensino Superior<\/p>\n<p>Forma\u00e7\u00e3o desejada:<\/p>\n<ul>\n<li>Ci\u00eancias cont\u00e1beis, Ensino Superior<\/li>\n<\/ul>\n","protected":false},"excerpt":{"rendered":"<p>?? Vaga urgente?? Confeitaria no Jardim Bot\u00e2nico contrata: Coordenador Financeiro *Vaga presencial Principais atividades: &#8211; Respons\u00e1vel pela gest\u00e3o e an\u00e1lise do DRE, fluxo de caixa e or\u00e7amento, assegurando controle de receitas, custos, despesas e rentabilidade. &#8211; Atua\u00e7\u00e3o na gest\u00e3o de contas a pagar e receber, concilia\u00e7\u00f5es financeiras e acompanhamento de obriga\u00e7\u00f5es fiscais e tribut\u00e1rias junto [&hellip;]<\/p>\n","protected":false},"author":1,"featured_media":0,"comment_status":"open","ping_status":"open","sticky":false,"template":"","format":"standard","meta":{"footnotes":""},"categories":[21],"tags":[],"class_list":["post-3861","post","type-post","status-publish","format-standard","hentry","category-rio-de-janeiro-rj"],"_links":{"self":[{"href":"https:\/\/vagas.portalemprego.com.br\/index.php?rest_route=\/wp\/v2\/posts\/3861","targetHints":{"allow":["GET"]}}],"collection":[{"href":"https:\/\/vagas.portalemprego.com.br\/index.php?rest_route=\/wp\/v2\/posts"}],"about":[{"href":"https:\/\/vagas.portalemprego.com.br\/index.php?rest_route=\/wp\/v2\/types\/post"}],"author":[{"embeddable":true,"href":"https:\/\/vagas.portalemprego.com.br\/index.php?rest_route=\/wp\/v2\/users\/1"}],"replies":[{"embeddable":true,"href":"https:\/\/vagas.portalemprego.com.br\/index.php?rest_route=%2Fwp%2Fv2%2Fcomments&post=3861"}],"version-history":[{"count":0,"href":"https:\/\/vagas.portalemprego.com.br\/index.php?rest_route=\/wp\/v2\/posts\/3861\/revisions"}],"wp:attachment":[{"href":"https:\/\/vagas.portalemprego.com.br\/index.php?rest_route=%2Fwp%2Fv2%2Fmedia&parent=3861"}],"wp:term":[{"taxonomy":"category","embeddable":true,"href":"https:\/\/vagas.portalemprego.com.br\/index.php?rest_route=%2Fwp%2Fv2%2Fcategories&post=3861"},{"taxonomy":"post_tag","embeddable":true,"href":"https:\/\/vagas.portalemprego.com.br\/index.php?rest_route=%2Fwp%2Fv2%2Ftags&post=3861"}],"curies":[{"name":"wp","href":"https:\/\/api.w.org\/{rel}","templated":true}]}}