{"id":3862,"date":"2026-04-29T06:13:13","date_gmt":"2026-04-29T09:13:13","guid":{"rendered":"https:\/\/vagas.portalemprego.com.br\/?p=3862"},"modified":"2026-04-29T06:13:13","modified_gmt":"2026-04-29T09:13:13","slug":"auxiliar-de-escrita-fiscal-contabil-financas-economia-duque-de-caxias","status":"publish","type":"post","link":"https:\/\/vagas.portalemprego.com.br\/?p=3862","title":{"rendered":"Auxiliar de Escrita Fiscal &#8211; Cont\u00e1bil, Finan\u00e7as, Economia &#8211; Duque de Caxias"},"content":{"rendered":"<p>Vaga: Auxiliar de Escrita Fiscal \u2013 Duque de Caxias\/RJ<br \/>\nEmpresa do segmento de equipamentos de transporte refrigerado contrata:<br \/>\nAtividades:<br \/>\nLan\u00e7amento e confer\u00eancia de notas fiscais de entrada e sa\u00edda<br \/>\nApoio na apura\u00e7\u00e3o de impostos<br \/>\nOrganiza\u00e7\u00e3o de documentos fiscais<br \/>\nRequisitos:<br \/>\nExperi\u00eancia anterior na \u00e1rea fiscal<br \/>\nDesej\u00e1vel conhecimento em legisla\u00e7\u00e3o tribut\u00e1ria e sistemas integrados<br \/>\nCondi\u00e7\u00f5es:<br \/>\nBenef\u00edcios: Vale-transporte e vale alimenta\u00e7\u00e3o de R$364,00<br \/>\nHor\u00e1rio: Segunda a sexta-feira, presencial, das 8h \u00e0s 18h<br \/>\nVaga efetiva (CLT)<br \/>\nInteressados devem se candidatar pela plataforma, ou encaminhar curr\u00edculo para &#8211; (41)\u00a099514-0114 &#8211; Daiana &#8211;<\/p>\n<ul>\n<li>Local de trabalho: Duque de Caxias, RJ<\/li>\n<li>Regime de contrata\u00e7\u00e3o de tipo: Efetivo \u2013 CLT<\/li>\n<li>Jornada: Per\u00edodo Integral<\/li>\n<li>\u00c1rea e especializa\u00e7\u00e3o profissional: Cont\u00e1bil, Finan\u00e7as, Economia &#8211; Fiscal<\/li>\n<li>N\u00edvel hier\u00e1rquico: Auxiliar<\/li>\n<\/ul>\n<p>Escolaridade M\u00ednima: Ensino Superior<\/p>\n","protected":false},"excerpt":{"rendered":"<p>Vaga: Auxiliar de Escrita Fiscal \u2013 Duque de Caxias\/RJ Empresa do segmento de equipamentos de transporte refrigerado contrata: Atividades: Lan\u00e7amento e confer\u00eancia de notas fiscais de entrada e sa\u00edda Apoio na apura\u00e7\u00e3o de impostos Organiza\u00e7\u00e3o de documentos fiscais Requisitos: Experi\u00eancia anterior na \u00e1rea fiscal Desej\u00e1vel conhecimento em legisla\u00e7\u00e3o tribut\u00e1ria e sistemas integrados Condi\u00e7\u00f5es: Benef\u00edcios: Vale-transporte [&hellip;]<\/p>\n","protected":false},"author":1,"featured_media":0,"comment_status":"open","ping_status":"open","sticky":false,"template":"","format":"standard","meta":{"footnotes":""},"categories":[21],"tags":[],"class_list":["post-3862","post","type-post","status-publish","format-standard","hentry","category-rio-de-janeiro-rj"],"_links":{"self":[{"href":"https:\/\/vagas.portalemprego.com.br\/index.php?rest_route=\/wp\/v2\/posts\/3862","targetHints":{"allow":["GET"]}}],"collection":[{"href":"https:\/\/vagas.portalemprego.com.br\/index.php?rest_route=\/wp\/v2\/posts"}],"about":[{"href":"https:\/\/vagas.portalemprego.com.br\/index.php?rest_route=\/wp\/v2\/types\/post"}],"author":[{"embeddable":true,"href":"https:\/\/vagas.portalemprego.com.br\/index.php?rest_route=\/wp\/v2\/users\/1"}],"replies":[{"embeddable":true,"href":"https:\/\/vagas.portalemprego.com.br\/index.php?rest_route=%2Fwp%2Fv2%2Fcomments&post=3862"}],"version-history":[{"count":0,"href":"https:\/\/vagas.portalemprego.com.br\/index.php?rest_route=\/wp\/v2\/posts\/3862\/revisions"}],"wp:attachment":[{"href":"https:\/\/vagas.portalemprego.com.br\/index.php?rest_route=%2Fwp%2Fv2%2Fmedia&parent=3862"}],"wp:term":[{"taxonomy":"category","embeddable":true,"href":"https:\/\/vagas.portalemprego.com.br\/index.php?rest_route=%2Fwp%2Fv2%2Fcategories&post=3862"},{"taxonomy":"post_tag","embeddable":true,"href":"https:\/\/vagas.portalemprego.com.br\/index.php?rest_route=%2Fwp%2Fv2%2Ftags&post=3862"}],"curies":[{"name":"wp","href":"https:\/\/api.w.org\/{rel}","templated":true}]}}