{"id":3863,"date":"2026-04-29T06:13:13","date_gmt":"2026-04-29T09:13:13","guid":{"rendered":"https:\/\/vagas.portalemprego.com.br\/?p=3863"},"modified":"2026-04-29T06:13:13","modified_gmt":"2026-04-29T09:13:13","slug":"vendedor-comercial-vendas-rio-de-janeiro-8","status":"publish","type":"post","link":"https:\/\/vagas.portalemprego.com.br\/?p=3863","title":{"rendered":"Vendedor &#8211; Comercial, Vendas &#8211; Rio de Janeiro"},"content":{"rendered":"<p>O Grupo Cores do Rio, rede de franquias Havaianas, busca para as suas lojas localizadas no Centro, Ipanema, Copacabana e Barra, vendedor(a) com experi\u00eancia no varejo.<br \/>\nSe voc\u00ea \u00e9 aquela pessoa que n\u00e3o descansa enquanto a meta n\u00e3o \u00e9 batida, que sabe abordar o cliente na hora certa, apresentar o produto com entusiasmo e transformar uma simples visita em venda \u2014 queremos voc\u00ea no nosso time!<\/p>\n<p>Ser\u00e1 respons\u00e1vel por realizar o atendimento ao cliente com simpatia e foco em resultados, identificar as necessidades do cliente e oferecer o produto ideal, bater as metas individuais e colaborar com o resultado coletivo da loja, zelar pela apresenta\u00e7\u00e3o e organiza\u00e7\u00e3o da loja.<br \/>\nRequisitos: Ensino M\u00e9dio completo, experi\u00eancia anterior em vendas no varejo, perfil comunicativo, proativo e orientado a metas, facilidade para trabalhar em equipe, disponibilidade para escala de shopping (6&#215;1).<br \/>\nOferecemos: CLT, Vale-transporte, Premia\u00e7\u00e3o por resultado, Premia\u00e7\u00e3o por assiduidade e pontualidade, Desconto nos produtos da marca, Treinamento cont\u00ednuo, Conv\u00eanio SESC, Kit Natalino.<br \/>\nF\u00e1cil acesso para trabalhar em Ipanema, Copacabana, Centro do Rio e Barra da Tijuca<\/p>\n<ul>\n<li>Local de trabalho: Rio de Janeiro, RJ<\/li>\n<li>Regime de contrata\u00e7\u00e3o de tipo: Efetivo \u2013 CLT<\/li>\n<li>Jornada: Per\u00edodo Integral<\/li>\n<li>\u00c1rea e especializa\u00e7\u00e3o profissional: Comercial, Vendas &#8211; Atendimento<\/li>\n<li>N\u00edvel hier\u00e1rquico: Operacional<\/li>\n<\/ul>\n<p>VALORIZADO<\/p>\n<p>Tempo de experi\u00eancia: Entre 1 e 3 anos<\/p>\n<p>Escolaridade M\u00ednima: Ensino M\u00e9dio (2\u00ba Grau)<\/p>\n<p>Sal\u00e1rio: 2500,0<\/p>\n","protected":false},"excerpt":{"rendered":"<p>O Grupo Cores do Rio, rede de franquias Havaianas, busca para as suas lojas localizadas no Centro, Ipanema, Copacabana e Barra, vendedor(a) com experi\u00eancia no varejo. Se voc\u00ea \u00e9 aquela pessoa que n\u00e3o descansa enquanto a meta n\u00e3o \u00e9 batida, que sabe abordar o cliente na hora certa, apresentar o produto com entusiasmo e transformar [&hellip;]<\/p>\n","protected":false},"author":1,"featured_media":0,"comment_status":"open","ping_status":"open","sticky":false,"template":"","format":"standard","meta":{"footnotes":""},"categories":[21],"tags":[],"class_list":["post-3863","post","type-post","status-publish","format-standard","hentry","category-rio-de-janeiro-rj"],"_links":{"self":[{"href":"https:\/\/vagas.portalemprego.com.br\/index.php?rest_route=\/wp\/v2\/posts\/3863","targetHints":{"allow":["GET"]}}],"collection":[{"href":"https:\/\/vagas.portalemprego.com.br\/index.php?rest_route=\/wp\/v2\/posts"}],"about":[{"href":"https:\/\/vagas.portalemprego.com.br\/index.php?rest_route=\/wp\/v2\/types\/post"}],"author":[{"embeddable":true,"href":"https:\/\/vagas.portalemprego.com.br\/index.php?rest_route=\/wp\/v2\/users\/1"}],"replies":[{"embeddable":true,"href":"https:\/\/vagas.portalemprego.com.br\/index.php?rest_route=%2Fwp%2Fv2%2Fcomments&post=3863"}],"version-history":[{"count":0,"href":"https:\/\/vagas.portalemprego.com.br\/index.php?rest_route=\/wp\/v2\/posts\/3863\/revisions"}],"wp:attachment":[{"href":"https:\/\/vagas.portalemprego.com.br\/index.php?rest_route=%2Fwp%2Fv2%2Fmedia&parent=3863"}],"wp:term":[{"taxonomy":"category","embeddable":true,"href":"https:\/\/vagas.portalemprego.com.br\/index.php?rest_route=%2Fwp%2Fv2%2Fcategories&post=3863"},{"taxonomy":"post_tag","embeddable":true,"href":"https:\/\/vagas.portalemprego.com.br\/index.php?rest_route=%2Fwp%2Fv2%2Ftags&post=3863"}],"curies":[{"name":"wp","href":"https:\/\/api.w.org\/{rel}","templated":true}]}}