{"id":3864,"date":"2026-04-29T06:13:13","date_gmt":"2026-04-29T09:13:13","guid":{"rendered":"https:\/\/vagas.portalemprego.com.br\/?p=3864"},"modified":"2026-04-29T06:13:13","modified_gmt":"2026-04-29T09:13:13","slug":"vendedora-internoa-comercial-vendas-rio-de-janeiro-2","status":"publish","type":"post","link":"https:\/\/vagas.portalemprego.com.br\/?p=3864","title":{"rendered":"Vendedor(a) Interno(a) &#8211; Comercial, Vendas &#8211; Rio de Janeiro"},"content":{"rendered":"<p>VENDEDOR(A) INTERNO(A) | Jobal \u2013 Pap\u00e9is Personalizados (RJ)<\/p>\n<p>A Jobal \u2013 Pap\u00e9is Personalizados (mais de 55 anos de mercado) est\u00e1 em expans\u00e3o e busca Vendedor(a) Interno(a) para crescer junto com a empresa, atuando com clientes em todo o Brasil. Trabalhamos com solu\u00e7\u00f5es em pap\u00e9is personalizados para o setor aliment\u00edcio (guardanapos, toalhas, jogos americanos, sacos para talheres, embalagens e outros), atendendo clientes de diferentes portes.<\/p>\n<p>Principais atividades<br \/>\n?\u00a0\u00a0\u00a0\u00a0\u00a0\u00a0\u00a0\u00a0Atender demandas recebidas (inbound), entendendo necessidade e conduzindo o cliente at\u00e9 a proposta.<br \/>\n?\u00a0\u00a0\u00a0\u00a0\u00a0\u00a0\u00a0\u00a0Elaborar propostas comerciais completas e bem estruturadas.<br \/>\n?\u00a0\u00a0\u00a0\u00a0\u00a0\u00a0\u00a0\u00a0Negociar e fechar vendas com agilidade e qualidade.<br \/>\n?\u00a0\u00a0\u00a0\u00a0\u00a0\u00a0\u00a0\u00a0Fazer prospec\u00e7\u00e3o ativa cont\u00ednua (outbound) para abertura de novos clientes.<br \/>\n?\u00a0\u00a0\u00a0\u00a0\u00a0\u00a0\u00a0\u00a0Gerenciar e ativar carteira: relacionamento, recompra e reativa\u00e7\u00e3o de clientes.<br \/>\n?\u00a0\u00a0\u00a0\u00a0\u00a0\u00a0\u00a0\u00a0Registrar e atualizar informa\u00e7\u00f5es no CRM\/controles, mantendo rotina de follow-up.<br \/>\n?\u00a0\u00a0\u00a0\u00a0\u00a0\u00a0\u00a0\u00a0Acompanhar pedidos at\u00e9 a entrega e atuar em ocorr\u00eancias quando necess\u00e1rio.<br \/>\n?\u00a0\u00a0\u00a0\u00a0\u00a0\u00a0\u00a0\u00a0P\u00f3s-venda e fideliza\u00e7\u00e3o, buscando recorr\u00eancia e indica\u00e7\u00e3o.<br \/>\n?\u00a0\u00a0\u00a0\u00a0\u00a0\u00a0\u00a0\u00a0Trabalhar com metas e indicadores (contatos, propostas, convers\u00e3o e faturamento).<\/p>\n<p>Remunera\u00e7\u00e3o<br \/>\n?\u00a0\u00a0\u00a0\u00a0\u00a0\u00a0\u00a0\u00a0Remunera\u00e7\u00e3o por comiss\u00e3o sem teto, com alto potencial de ganho, com garantia de piso.<\/p>\n<p>Benef\u00edcios<br \/>\n?\u00a0\u00a0\u00a0\u00a0\u00a0\u00a0\u00a0\u00a0Vale-transporte<br \/>\n?\u00a0\u00a0\u00a0\u00a0\u00a0\u00a0\u00a0\u00a0Day-off no anivers\u00e1rio + b\u00f4nus de anivers\u00e1rio<br \/>\n?\u00a0\u00a0\u00a0\u00a0\u00a0\u00a0\u00a0\u00a0Bonifica\u00e7\u00e3o por assiduidade<br \/>\n?\u00a0\u00a0\u00a0\u00a0\u00a0\u00a0\u00a0\u00a0Empresa s\u00f3lida, com forte presen\u00e7a no mercado e oportunidade de desenvolvimento comercial<\/p>\n<p>Jornada<br \/>\n?\u00a0\u00a0\u00a0\u00a0\u00a0\u00a0\u00a0\u00a0Segunda a sexta, 8h \u00e0s 17h48<br \/>\n?\u00a0\u00a0\u00a0\u00a0\u00a0\u00a0\u00a0\u00a0Modelo de trabalho CLT, presencial<\/p>\n<p>Requisitos<br \/>\n?\u00a0\u00a0\u00a0\u00a0\u00a0\u00a0\u00a0\u00a0Ensino M\u00e9dio completo<\/p>\n<p>Perfil<br \/>\n?\u00a0\u00a0\u00a0\u00a0\u00a0\u00a0\u00a0\u00a0Comunica\u00e7\u00e3o, argumenta\u00e7\u00e3o e empatia<br \/>\n?\u00a0\u00a0\u00a0\u00a0\u00a0\u00a0\u00a0\u00a0Negocia\u00e7\u00e3o e foco em resultado<br \/>\n?\u00a0\u00a0\u00a0\u00a0\u00a0\u00a0\u00a0\u00a0Organiza\u00e7\u00e3o e disciplina de rotina comercial<br \/>\n?\u00a0\u00a0\u00a0\u00a0\u00a0\u00a0\u00a0\u00a0Resili\u00eancia e const\u00e2ncia para metas<br \/>\n?\u00a0\u00a0\u00a0\u00a0\u00a0\u00a0\u00a0\u00a0Inform\u00e1tica + Excel\/CRM<\/p>\n<p>Diversidade<br \/>\nA Jobal valoriza a diversidade. Todas as candidaturas s\u00e3o bem-vindas.<\/p>\n<ul>\n<li>Local de trabalho: Rio de Janeiro, RJ<\/li>\n<li>Regime de contrata\u00e7\u00e3o de tipo: Efetivo \u2013 CLT<\/li>\n<li>Jornada: Per\u00edodo Integral<\/li>\n<li>\u00c1rea e especializa\u00e7\u00e3o profissional: Comercial, Vendas &#8211; Venda Interna<\/li>\n<li>N\u00edvel hier\u00e1rquico: Assistente<\/li>\n<\/ul>\n<p>HABILIDADES<\/p>\n<ul>\n<li>Social Selling<\/li>\n<li>Food Service<\/li>\n<li>Fechamento<\/li>\n<li>Assertividade<\/li>\n<li>Criatividade<\/li>\n<li>Fideliza\u00e7\u00e3o<\/li>\n<li>Senso de Dono<\/li>\n<li>Venda Consultiva<\/li>\n<li>Adaptabilidade<\/li>\n<li>Persist\u00eancia<\/li>\n<li>Follow Up<\/li>\n<li>Auto Gest\u00e3o<\/li>\n<li>Organiza\u00e7\u00e3o<\/li>\n<li>Intelig\u00eancia Emocional<\/li>\n<li>Escuta Ativa<\/li>\n<li>Pratividade<\/li>\n<li>Resili\u00eancia<\/li>\n<li>Empatia<\/li>\n<li>Excel<\/li>\n<li>Comercial<\/li>\n<li>Matem\u00e1tica<\/li>\n<li>CRM<\/li>\n<li>Comunica\u00e7\u00e3o<\/li>\n<li>Negocia\u00e7\u00e3o<\/li>\n<li>Foco<\/li>\n<li>Orienta\u00e7\u00e3o de Metas<\/li>\n<\/ul>\n<p>Escolaridade M\u00ednima: Ensino M\u00e9dio (2\u00ba Grau)<\/p>\n","protected":false},"excerpt":{"rendered":"<p>VENDEDOR(A) INTERNO(A) | Jobal \u2013 Pap\u00e9is Personalizados (RJ) A Jobal \u2013 Pap\u00e9is Personalizados (mais de 55 anos de mercado) est\u00e1 em expans\u00e3o e busca Vendedor(a) Interno(a) para crescer junto com a empresa, atuando com clientes em todo o Brasil. Trabalhamos com solu\u00e7\u00f5es em pap\u00e9is personalizados para o setor aliment\u00edcio (guardanapos, toalhas, jogos americanos, sacos para [&hellip;]<\/p>\n","protected":false},"author":1,"featured_media":0,"comment_status":"open","ping_status":"open","sticky":false,"template":"","format":"standard","meta":{"footnotes":""},"categories":[21],"tags":[],"class_list":["post-3864","post","type-post","status-publish","format-standard","hentry","category-rio-de-janeiro-rj"],"_links":{"self":[{"href":"https:\/\/vagas.portalemprego.com.br\/index.php?rest_route=\/wp\/v2\/posts\/3864","targetHints":{"allow":["GET"]}}],"collection":[{"href":"https:\/\/vagas.portalemprego.com.br\/index.php?rest_route=\/wp\/v2\/posts"}],"about":[{"href":"https:\/\/vagas.portalemprego.com.br\/index.php?rest_route=\/wp\/v2\/types\/post"}],"author":[{"embeddable":true,"href":"https:\/\/vagas.portalemprego.com.br\/index.php?rest_route=\/wp\/v2\/users\/1"}],"replies":[{"embeddable":true,"href":"https:\/\/vagas.portalemprego.com.br\/index.php?rest_route=%2Fwp%2Fv2%2Fcomments&post=3864"}],"version-history":[{"count":0,"href":"https:\/\/vagas.portalemprego.com.br\/index.php?rest_route=\/wp\/v2\/posts\/3864\/revisions"}],"wp:attachment":[{"href":"https:\/\/vagas.portalemprego.com.br\/index.php?rest_route=%2Fwp%2Fv2%2Fmedia&parent=3864"}],"wp:term":[{"taxonomy":"category","embeddable":true,"href":"https:\/\/vagas.portalemprego.com.br\/index.php?rest_route=%2Fwp%2Fv2%2Fcategories&post=3864"},{"taxonomy":"post_tag","embeddable":true,"href":"https:\/\/vagas.portalemprego.com.br\/index.php?rest_route=%2Fwp%2Fv2%2Ftags&post=3864"}],"curies":[{"name":"wp","href":"https:\/\/api.w.org\/{rel}","templated":true}]}}