{"id":3865,"date":"2026-04-29T06:13:13","date_gmt":"2026-04-29T09:13:13","guid":{"rendered":"https:\/\/vagas.portalemprego.com.br\/?p=3865"},"modified":"2026-04-29T06:13:13","modified_gmt":"2026-04-29T09:13:13","slug":"esteticista-estetica-rio-de-janeiro","status":"publish","type":"post","link":"https:\/\/vagas.portalemprego.com.br\/?p=3865","title":{"rendered":"Esteticista &#8211; Est\u00e9tica &#8211; Rio de Janeiro"},"content":{"rendered":"<p>VAGA ABERTA | ESTETICISTA \u2013 BARRA DA TIJUCA\/RJ<\/p>\n<p>Regime de contrata\u00e7\u00e3o: CLT<\/p>\n<p>Hor\u00e1rio de trabalho<br \/>\nEscala 6&#215;1<\/p>\n<p>Sal\u00e1rio: R$ 2.000,00<br \/>\nBenef\u00edcios:<br \/>\nVale alimenta\u00e7\u00e3o;<br \/>\nVale transporte<br \/>\nPremia\u00e7\u00e3o por metas alcan\u00e7adas<\/p>\n<p>Requisitos<br \/>\nEnsino Superior completo em Est\u00e9tica;<br \/>\nExperiencia com depila\u00e7\u00e3o a laser<br \/>\nExperiencia em cl\u00ednica de est\u00e9tica<br \/>\nO que voc\u00ea vai fazer<\/p>\n<p> Aplica\u00e7\u00e3o de massagens corporais<br \/>\n ?Tratamentos faciais<br \/>\nDepila\u00e7\u00e3o a laser (procedimentos com tecnologia a laser)<br \/>\nOpera\u00e7\u00e3o e manuseio de aparelhos corporais<\/p>\n<ul>\n<li>Local de trabalho: Rio de Janeiro, RJ<\/li>\n<li>Regime de contrata\u00e7\u00e3o de tipo: Efetivo \u2013 CLT<\/li>\n<li>Jornada: Per\u00edodo Integral<\/li>\n<li>\u00c1rea e especializa\u00e7\u00e3o profissional: Est\u00e9tica &#8211; Esteticista<\/li>\n<li>N\u00edvel hier\u00e1rquico: Especialista<\/li>\n<\/ul>\n<p>VALORIZADO<\/p>\n<p>Tempo de experi\u00eancia: Entre 1 e 3 anos<\/p>\n<p>Escolaridade M\u00ednima: Ensino Superior<\/p>\n<p>Sal\u00e1rio: 2000,0<\/p>\n","protected":false},"excerpt":{"rendered":"<p>VAGA ABERTA | ESTETICISTA \u2013 BARRA DA TIJUCA\/RJ Regime de contrata\u00e7\u00e3o: CLT Hor\u00e1rio de trabalho Escala 6&#215;1 Sal\u00e1rio: R$ 2.000,00 Benef\u00edcios: Vale alimenta\u00e7\u00e3o; Vale transporte Premia\u00e7\u00e3o por metas alcan\u00e7adas Requisitos Ensino Superior completo em Est\u00e9tica; Experiencia com depila\u00e7\u00e3o a laser Experiencia em cl\u00ednica de est\u00e9tica O que voc\u00ea vai fazer Aplica\u00e7\u00e3o de massagens corporais ?Tratamentos [&hellip;]<\/p>\n","protected":false},"author":1,"featured_media":0,"comment_status":"open","ping_status":"open","sticky":false,"template":"","format":"standard","meta":{"footnotes":""},"categories":[21],"tags":[],"class_list":["post-3865","post","type-post","status-publish","format-standard","hentry","category-rio-de-janeiro-rj"],"_links":{"self":[{"href":"https:\/\/vagas.portalemprego.com.br\/index.php?rest_route=\/wp\/v2\/posts\/3865","targetHints":{"allow":["GET"]}}],"collection":[{"href":"https:\/\/vagas.portalemprego.com.br\/index.php?rest_route=\/wp\/v2\/posts"}],"about":[{"href":"https:\/\/vagas.portalemprego.com.br\/index.php?rest_route=\/wp\/v2\/types\/post"}],"author":[{"embeddable":true,"href":"https:\/\/vagas.portalemprego.com.br\/index.php?rest_route=\/wp\/v2\/users\/1"}],"replies":[{"embeddable":true,"href":"https:\/\/vagas.portalemprego.com.br\/index.php?rest_route=%2Fwp%2Fv2%2Fcomments&post=3865"}],"version-history":[{"count":0,"href":"https:\/\/vagas.portalemprego.com.br\/index.php?rest_route=\/wp\/v2\/posts\/3865\/revisions"}],"wp:attachment":[{"href":"https:\/\/vagas.portalemprego.com.br\/index.php?rest_route=%2Fwp%2Fv2%2Fmedia&parent=3865"}],"wp:term":[{"taxonomy":"category","embeddable":true,"href":"https:\/\/vagas.portalemprego.com.br\/index.php?rest_route=%2Fwp%2Fv2%2Fcategories&post=3865"},{"taxonomy":"post_tag","embeddable":true,"href":"https:\/\/vagas.portalemprego.com.br\/index.php?rest_route=%2Fwp%2Fv2%2Ftags&post=3865"}],"curies":[{"name":"wp","href":"https:\/\/api.w.org\/{rel}","templated":true}]}}