{"id":3866,"date":"2026-04-29T06:14:14","date_gmt":"2026-04-29T09:14:14","guid":{"rendered":"https:\/\/vagas.portalemprego.com.br\/?p=3866"},"modified":"2026-04-29T06:14:14","modified_gmt":"2026-04-29T09:14:14","slug":"supervisor-de-solucoes-digitais-informatica-ti-telecomunicacoes-rio-de-janeiro","status":"publish","type":"post","link":"https:\/\/vagas.portalemprego.com.br\/?p=3866","title":{"rendered":"Supervisor de Solu\u00e7\u00f5es Digitais &#8211; Inform\u00e1tica, TI, Telecomunica\u00e7\u00f5es &#8211; Rio de Janeiro"},"content":{"rendered":"<p>Somos uma empresa brasileira especializada em pescados e frutos do mar, com mais de\u00a080 anos de hist\u00f3ria, reconhecida no mercado nacional e internacional pela qualidade, confian\u00e7a e inova\u00e7\u00e3o.<br \/>\nContamos com um time de\u00a0mais de 2 mil colaboradores, que todos os dias trabalham para levar o melhor do mar a milhares de mesas \u2014 no Brasil e no mundo.<br \/>\nAqui, valorizamos pessoas, constru\u00edmos rela\u00e7\u00f5es duradouras e acreditamos que crescer juntos faz toda a diferen\u00e7a.<br \/>\nVenha fazer parte do nosso Cardume.<\/p>\n<p>RESPONSABILIDADES E ATRIBUI\u00c7\u00d5ES<\/p>\n<p>Levantar e documentar requisitos de neg\u00f3cio junto aos times Comercial e Marketing, por meio de entrevistas e workshops, para garantir que as solu\u00e7\u00f5es digitais atendam \u00e0s necessidades operacionais e estrat\u00e9gicas;<br \/>\nApoiar na constru\u00e7\u00e3o de business cases e an\u00e1lises de viabilidade, utilizando dados e proje\u00e7\u00f5es, para embasar decis\u00f5es de investimento em tecnologia;<br \/>\nEspecificar fluxos de processos e requisitos funcionais de sistemas como automa\u00e7\u00e3o de vendas, CRM, e-commerce traduzindo demandas em solu\u00e7\u00f5es t\u00e9cnicas vi\u00e1veis;<br \/>\nLiderar a sele\u00e7\u00e3o e implementa\u00e7\u00e3o de ferramentas e fornecedores, garantindo ader\u00eancia aos requisitos mapeados e aos padr\u00f5es tecnol\u00f3gicos definidos, para assegurar efici\u00eancia e conformidade nos processos;<br \/>\nCoordenar atividades de implementa\u00e7\u00e3o das solu\u00e7\u00f5es digitais, liderando times de TI pr\u00f3prios ou de terceiros;<br \/>\nCoordenar testes de homologa\u00e7\u00e3o (UAT) com usu\u00e1rios-chave, validando entregas conforme crit\u00e9rios definidos para assegurar qualidade e funcionalidade das solu\u00e7\u00f5es;<br \/>\nMonitorar indicadores de desempenho das solu\u00e7\u00f5es digitais, utilizando ferramentas anal\u00edticas, para identificar oportunidades de melhoria e garantir resultados sustent\u00e1veis;<br \/>\nAcompanhar o ciclo de melhorias cont\u00ednuas, atuando como ponte entre \u00e1reas de neg\u00f3cio, equipe de tecnologia e fornecedores, para promover evolu\u00e7\u00e3o das plataformas;<br \/>\nExecutar outras atividades correlatas conforme orienta\u00e7\u00e3o do superior imediato para atender \u00e0s necessidades da \u00e1rea com flexibilidade e proatividade.<\/p>\n<p>REQUISITOS E QUALIFICA\u00c7\u00d5ES<\/p>\n<p>Ensino Superior completo em Tecnologia da Informa\u00e7\u00e3o, Engenharia, Administra\u00e7\u00e3o, Marketing ou \u00e1reas correlatas;<br \/>\nP\u00f3s-gradua\u00e7\u00e3o em Gest\u00e3o de Projetos, Transforma\u00e7\u00e3o Digital ou \u00e1reas afins;<br \/>\nConhecimento em CRM, e-commerce;<br \/>\nExperi\u00eancia com sistemas de automa\u00e7\u00e3o de vendas;<br \/>\nConhecimento em modelagem de processos;<br \/>\nExpertise com elabora\u00e7\u00e3o de business cases;<br \/>\nConhecimento em metodologias \u00e1geis (Scrum, Kanban);<br \/>\nSer\u00e1 um diferencial possuir experiencia em opera\u00e7\u00f5es de varejo f\u00edsico, digital e bens de consumo;<br \/>\nDom\u00ednio de gest\u00e3o de indicadores digitais;<br \/>\nDesej\u00e1vel conhecimento em Integra\u00e7\u00e3o de sistemas comerciais;<br \/>\nSer\u00e1 um diferencial possuir conhecimento com Jornada do cliente e funil de vendas.<\/p>\n<p>A Frescatto valoriza e fomenta a diversidade, abrindo oportunidades para todos com igualdade.<\/p>\n<p>PACOTE DE REMUNERA\u00c7\u00c3O &amp; BENEFICIOS<\/p>\n<p>\u2022 Hor\u00e1rio de trabalho das 08:12 \u00e0s 18:00 ;<br \/>\n\u2022 Atua\u00e7\u00e3o H\u00edbrida;<br \/>\n\u2022 Aux. Combust\u00edvel;<br \/>\n\u2022 Vale-transporte;<br \/>\n\u2022 Restaurante no local;<br \/>\n\u2022 Plano de Sa\u00fade 100% custeado pela empresa (ap\u00f3s 3 meses);<br \/>\n\u2022 Assist\u00eancia Odontol\u00f3gica;<br \/>\n\u2022 Seguro de vida ;<br \/>\n\u2022 B\u00f4nus anual atrelado ao desempenho;<br \/>\n\u2022 Descontos em Institui\u00e7\u00f5es de Ensino e Idiomas;<br \/>\n\u2022 Descontos e promo\u00e7\u00f5es em nossos produtos;<br \/>\n\u2022 Empr\u00e9stimo consignado;<br \/>\n\u2022 Day Off (folga no anivers\u00e1rio).<\/p>\n<ul>\n<li>Local de trabalho: Rio de Janeiro, RJ<\/li>\n<li>Regime de contrata\u00e7\u00e3o de tipo: Efetivo \u2013 CLT<\/li>\n<li>Jornada: Per\u00edodo Integral<\/li>\n<li>\u00c1rea e especializa\u00e7\u00e3o profissional: Inform\u00e1tica, TI, Telecomunica\u00e7\u00f5es &#8211; TI<\/li>\n<li>N\u00edvel hier\u00e1rquico: Supervisor<\/li>\n<\/ul>\n<p>VALORIZADO<\/p>\n<p>Tempo de experi\u00eancia: Entre 5 e 10 anos<\/p>\n<p>Escolaridade M\u00ednima: Ensino Superior<\/p>\n","protected":false},"excerpt":{"rendered":"<p>Somos uma empresa brasileira especializada em pescados e frutos do mar, com mais de\u00a080 anos de hist\u00f3ria, reconhecida no mercado nacional e internacional pela qualidade, confian\u00e7a e inova\u00e7\u00e3o. Contamos com um time de\u00a0mais de 2 mil colaboradores, que todos os dias trabalham para levar o melhor do mar a milhares de mesas \u2014 no Brasil [&hellip;]<\/p>\n","protected":false},"author":1,"featured_media":0,"comment_status":"open","ping_status":"open","sticky":false,"template":"","format":"standard","meta":{"footnotes":""},"categories":[21],"tags":[],"class_list":["post-3866","post","type-post","status-publish","format-standard","hentry","category-rio-de-janeiro-rj"],"_links":{"self":[{"href":"https:\/\/vagas.portalemprego.com.br\/index.php?rest_route=\/wp\/v2\/posts\/3866","targetHints":{"allow":["GET"]}}],"collection":[{"href":"https:\/\/vagas.portalemprego.com.br\/index.php?rest_route=\/wp\/v2\/posts"}],"about":[{"href":"https:\/\/vagas.portalemprego.com.br\/index.php?rest_route=\/wp\/v2\/types\/post"}],"author":[{"embeddable":true,"href":"https:\/\/vagas.portalemprego.com.br\/index.php?rest_route=\/wp\/v2\/users\/1"}],"replies":[{"embeddable":true,"href":"https:\/\/vagas.portalemprego.com.br\/index.php?rest_route=%2Fwp%2Fv2%2Fcomments&post=3866"}],"version-history":[{"count":0,"href":"https:\/\/vagas.portalemprego.com.br\/index.php?rest_route=\/wp\/v2\/posts\/3866\/revisions"}],"wp:attachment":[{"href":"https:\/\/vagas.portalemprego.com.br\/index.php?rest_route=%2Fwp%2Fv2%2Fmedia&parent=3866"}],"wp:term":[{"taxonomy":"category","embeddable":true,"href":"https:\/\/vagas.portalemprego.com.br\/index.php?rest_route=%2Fwp%2Fv2%2Fcategories&post=3866"},{"taxonomy":"post_tag","embeddable":true,"href":"https:\/\/vagas.portalemprego.com.br\/index.php?rest_route=%2Fwp%2Fv2%2Ftags&post=3866"}],"curies":[{"name":"wp","href":"https:\/\/api.w.org\/{rel}","templated":true}]}}