{"id":3867,"date":"2026-04-29T06:14:14","date_gmt":"2026-04-29T09:14:14","guid":{"rendered":"https:\/\/vagas.portalemprego.com.br\/?p=3867"},"modified":"2026-04-29T06:14:14","modified_gmt":"2026-04-29T09:14:14","slug":"analista-de-solucoes-digitais-sr-informatica-ti-telecomunicacoes-rio-de-janeiro","status":"publish","type":"post","link":"https:\/\/vagas.portalemprego.com.br\/?p=3867","title":{"rendered":"Analista de Solu\u00e7\u00f5es Digitais Sr. &#8211; Inform\u00e1tica, TI, Telecomunica\u00e7\u00f5es &#8211; Rio de Janeiro"},"content":{"rendered":"<p>Somos uma empresa brasileira especializada em pescados e frutos do mar, com mais de\u00a080 anos de hist\u00f3ria, reconhecida no mercado nacional e internacional pela qualidade, confian\u00e7a e inova\u00e7\u00e3o.<br \/>\nContamos com um time de\u00a0mais de 2 mil colaboradores, que todos os dias trabalham para levar o melhor do mar a milhares de mesas \u2014 no Brasil e no mundo.<br \/>\nAqui, valorizamos pessoas, constru\u00edmos rela\u00e7\u00f5es duradouras e acreditamos que crescer juntos faz toda a diferen\u00e7a.<br \/>\nVenha fazer parte do nosso Cardume.<\/p>\n<p>RESPONSABILIDADES E ATRIBUI\u00c7\u00d5ES<\/p>\n<p>Conduzir o levantamento de requisitos estrat\u00e9gicos com \u00e1reas de neg\u00f3cio, utilizando t\u00e9cnicas avan\u00e7adas de an\u00e1lise, para garantir solu\u00e7\u00f5es alinhadas aos objetivos comerciais;<br \/>\nLiderar a especifica\u00e7\u00e3o de processos e funcionalidades de sistemas digitais, integrando m\u00faltiplas plataformas e garantindo escalabilidade;<br \/>\nLiderar a defini\u00e7\u00e3o de solu\u00e7\u00f5es digitais, internas ou adquiridas, garantindo ader\u00eancia aos requisitos funcionais e t\u00e9cnicos para assegurar efici\u00eancia e integra\u00e7\u00e3o ao neg\u00f3cio;<br \/>\nPlanejar e coordenar testes de homologa\u00e7\u00e3o (UAT), definindo crit\u00e9rios de aceita\u00e7\u00e3o e liderando valida\u00e7\u00f5es com stakeholders;<br \/>\nGerenciar indicadores de desempenho das solu\u00e7\u00f5es, propondo melhorias e evolu\u00e7\u00f5es com base em dados e feedbacks;<br \/>\nAtuar como refer\u00eancia t\u00e9cnica na interface entre \u00e1reas de neg\u00f3cio, tecnologia e fornecedores, garantindo entregas dentro dos padr\u00f5es de qualidade e prazo;<br \/>\nExecutar outras atividades correlatas conforme orienta\u00e7\u00e3o do superior imediato para atender \u00e0s necessidades da \u00e1rea com flexibilidade e proatividade.<\/p>\n<p>REQUISITOS E QUALIFICA\u00c7\u00d5ES<\/p>\n<p>Ensino Superior completo em Tecnologia da Informa\u00e7\u00e3o, Engenharia, Administra\u00e7\u00e3o, Marketing ou \u00e1reas correlatas;<br \/>\nDesej\u00e1vel MBA ou P\u00f3s-gradua\u00e7\u00e3o em Transforma\u00e7\u00e3o Digital, Gest\u00e3o de Produtos ou Projetos;<br \/>\nConhecimento em CRM, e-commerce e automa\u00e7\u00e3o;<br \/>\nExperi\u00eancia com modelagem avan\u00e7ada de processos;<br \/>\nConhecimento com business cases e viabilidade;<br \/>\nDom\u00ednio de gest\u00e3o de indicadores digitais;<br \/>\nConhecimento em metodologias \u00e1geis (Scrum, Kanban);<br \/>\nSer\u00e1 um diferencial possuir experiencia em opera\u00e7\u00f5es de varejo f\u00edsico, digital e bens de consumo;<br \/>\nSer\u00e1 um diferencial possui experi\u00eancia com estrat\u00e9gias de jornada do cliente;<br \/>\nDesej\u00e1vel conhecimento em arquitetura de solu\u00e7\u00f5es digitais.<\/p>\n<p>A Frescatto valoriza e fomenta a diversidade, abrindo oportunidades para todos com igualdade.<\/p>\n<p>PACOTE DE REMUNERA\u00c7\u00c3O &amp; BENEFICIOS<\/p>\n<p>\u2022 Hor\u00e1rio de trabalho das 08:12 \u00e0s 18:00 ;<br \/>\n\u2022 Atua\u00e7\u00e3o h\u00edbrida;<br \/>\n\u2022 Aux. Combust\u00edvel;<br \/>\n\u2022 Vale-transporte;<br \/>\n\u2022 Restaurante no local;<br \/>\n\u2022 Plano de Sa\u00fade 100% custeado pela empresa (ap\u00f3s 3 meses);<br \/>\n\u2022 Assist\u00eancia Odontol\u00f3gica;<br \/>\n\u2022 Seguro de vida ;<br \/>\n\u2022 B\u00f4nus anual atrelado ao desempenho;<br \/>\n\u2022 Descontos em Institui\u00e7\u00f5es de Ensino e Idiomas;<br \/>\n\u2022 Descontos e promo\u00e7\u00f5es em nossos produtos;<br \/>\n\u2022 Empr\u00e9stimo consignado;<br \/>\n\u2022 Day Off (folga no anivers\u00e1rio).<\/p>\n<ul>\n<li>Local de trabalho: Rio de Janeiro, RJ<\/li>\n<li>Regime de contrata\u00e7\u00e3o de tipo: Efetivo \u2013 CLT<\/li>\n<li>Jornada: Per\u00edodo Integral<\/li>\n<li>\u00c1rea e especializa\u00e7\u00e3o profissional: Inform\u00e1tica, TI, Telecomunica\u00e7\u00f5es &#8211; TI<\/li>\n<li>N\u00edvel hier\u00e1rquico: Analista<\/li>\n<\/ul>\n<p>VALORIZADO<\/p>\n<p>Tempo de experi\u00eancia: Entre 5 e 10 anos<\/p>\n<p>Escolaridade M\u00ednima: Ensino Superior<\/p>\n","protected":false},"excerpt":{"rendered":"<p>Somos uma empresa brasileira especializada em pescados e frutos do mar, com mais de\u00a080 anos de hist\u00f3ria, reconhecida no mercado nacional e internacional pela qualidade, confian\u00e7a e inova\u00e7\u00e3o. Contamos com um time de\u00a0mais de 2 mil colaboradores, que todos os dias trabalham para levar o melhor do mar a milhares de mesas \u2014 no Brasil [&hellip;]<\/p>\n","protected":false},"author":1,"featured_media":0,"comment_status":"open","ping_status":"open","sticky":false,"template":"","format":"standard","meta":{"footnotes":""},"categories":[21],"tags":[],"class_list":["post-3867","post","type-post","status-publish","format-standard","hentry","category-rio-de-janeiro-rj"],"_links":{"self":[{"href":"https:\/\/vagas.portalemprego.com.br\/index.php?rest_route=\/wp\/v2\/posts\/3867","targetHints":{"allow":["GET"]}}],"collection":[{"href":"https:\/\/vagas.portalemprego.com.br\/index.php?rest_route=\/wp\/v2\/posts"}],"about":[{"href":"https:\/\/vagas.portalemprego.com.br\/index.php?rest_route=\/wp\/v2\/types\/post"}],"author":[{"embeddable":true,"href":"https:\/\/vagas.portalemprego.com.br\/index.php?rest_route=\/wp\/v2\/users\/1"}],"replies":[{"embeddable":true,"href":"https:\/\/vagas.portalemprego.com.br\/index.php?rest_route=%2Fwp%2Fv2%2Fcomments&post=3867"}],"version-history":[{"count":0,"href":"https:\/\/vagas.portalemprego.com.br\/index.php?rest_route=\/wp\/v2\/posts\/3867\/revisions"}],"wp:attachment":[{"href":"https:\/\/vagas.portalemprego.com.br\/index.php?rest_route=%2Fwp%2Fv2%2Fmedia&parent=3867"}],"wp:term":[{"taxonomy":"category","embeddable":true,"href":"https:\/\/vagas.portalemprego.com.br\/index.php?rest_route=%2Fwp%2Fv2%2Fcategories&post=3867"},{"taxonomy":"post_tag","embeddable":true,"href":"https:\/\/vagas.portalemprego.com.br\/index.php?rest_route=%2Fwp%2Fv2%2Ftags&post=3867"}],"curies":[{"name":"wp","href":"https:\/\/api.w.org\/{rel}","templated":true}]}}