{"id":3868,"date":"2026-04-29T06:14:14","date_gmt":"2026-04-29T09:14:14","guid":{"rendered":"https:\/\/vagas.portalemprego.com.br\/?p=3868"},"modified":"2026-04-29T06:14:14","modified_gmt":"2026-04-29T09:14:14","slug":"cumim-jardim-botanico-alimentacao-gastronomia-rio-de-janeiro","status":"publish","type":"post","link":"https:\/\/vagas.portalemprego.com.br\/?p=3868","title":{"rendered":"Cumim &#8211; Jardim Bot\u00e2nico &#8211; Alimenta\u00e7\u00e3o \/ Gastronomia &#8211; Rio de Janeiro"},"content":{"rendered":"<p>Restaurante localizado no Jardim Botanico busca profissional \u00e1gil, organizado, comprometido e com disponibilidade total de hor\u00e1rio, para atuar no suporte ao sal\u00e3o e contribuir com a qualidade do atendimento aos clientes.<br \/>\nO profissional ser\u00e1 respons\u00e1vel por auxiliar os gar\u00e7ons no atendimento, organizar e limpar mesas, apoiar na montagem e organiza\u00e7\u00e3o do sal\u00e3o e prestar suporte geral \u00e0 equipe. Necess\u00e1ria a experi\u00eancia na fun\u00e7\u00e3o.<br \/>\nInforma\u00e7\u00f5es da Vaga:<br \/>\nEscala: 6&#215;1<br \/>\nFolgas: 1 folga semanal + 1 domingo no m\u00eas<br \/>\nHor\u00e1rio: A combinar<br \/>\nRemunera\u00e7\u00e3o:<br \/>\nSal\u00e1rio base + gorjeta<br \/>\nRemunera\u00e7\u00e3o m\u00e9dia total: R$ 2363,08<\/p>\n<ul>\n<li>Local de trabalho: Rio de Janeiro, RJ<\/li>\n<li>Regime de contrata\u00e7\u00e3o de tipo: Efetivo \u2013 CLT<\/li>\n<li>Jornada: Per\u00edodo Integral<\/li>\n<li>\u00c1rea e especializa\u00e7\u00e3o profissional: Alimenta\u00e7\u00e3o \/ Gastronomia &#8211; Atendente \/ Recep\u00e7\u00e3o \/ Gar\u00e7om<\/li>\n<li>N\u00edvel hier\u00e1rquico: Operacional<\/li>\n<\/ul>\n<p>Escolaridade M\u00ednima: Ensino Fundamental (1\u00ba grau)<\/p>\n<p>Sal\u00e1rio: 2363,0<\/p>\n","protected":false},"excerpt":{"rendered":"<p>Restaurante localizado no Jardim Botanico busca profissional \u00e1gil, organizado, comprometido e com disponibilidade total de hor\u00e1rio, para atuar no suporte ao sal\u00e3o e contribuir com a qualidade do atendimento aos clientes. O profissional ser\u00e1 respons\u00e1vel por auxiliar os gar\u00e7ons no atendimento, organizar e limpar mesas, apoiar na montagem e organiza\u00e7\u00e3o do sal\u00e3o e prestar suporte [&hellip;]<\/p>\n","protected":false},"author":1,"featured_media":0,"comment_status":"open","ping_status":"open","sticky":false,"template":"","format":"standard","meta":{"footnotes":""},"categories":[21],"tags":[],"class_list":["post-3868","post","type-post","status-publish","format-standard","hentry","category-rio-de-janeiro-rj"],"_links":{"self":[{"href":"https:\/\/vagas.portalemprego.com.br\/index.php?rest_route=\/wp\/v2\/posts\/3868","targetHints":{"allow":["GET"]}}],"collection":[{"href":"https:\/\/vagas.portalemprego.com.br\/index.php?rest_route=\/wp\/v2\/posts"}],"about":[{"href":"https:\/\/vagas.portalemprego.com.br\/index.php?rest_route=\/wp\/v2\/types\/post"}],"author":[{"embeddable":true,"href":"https:\/\/vagas.portalemprego.com.br\/index.php?rest_route=\/wp\/v2\/users\/1"}],"replies":[{"embeddable":true,"href":"https:\/\/vagas.portalemprego.com.br\/index.php?rest_route=%2Fwp%2Fv2%2Fcomments&post=3868"}],"version-history":[{"count":0,"href":"https:\/\/vagas.portalemprego.com.br\/index.php?rest_route=\/wp\/v2\/posts\/3868\/revisions"}],"wp:attachment":[{"href":"https:\/\/vagas.portalemprego.com.br\/index.php?rest_route=%2Fwp%2Fv2%2Fmedia&parent=3868"}],"wp:term":[{"taxonomy":"category","embeddable":true,"href":"https:\/\/vagas.portalemprego.com.br\/index.php?rest_route=%2Fwp%2Fv2%2Fcategories&post=3868"},{"taxonomy":"post_tag","embeddable":true,"href":"https:\/\/vagas.portalemprego.com.br\/index.php?rest_route=%2Fwp%2Fv2%2Ftags&post=3868"}],"curies":[{"name":"wp","href":"https:\/\/api.w.org\/{rel}","templated":true}]}}