{"id":3872,"date":"2026-04-29T06:14:14","date_gmt":"2026-04-29T09:14:14","guid":{"rendered":"https:\/\/vagas.portalemprego.com.br\/?p=3872"},"modified":"2026-04-29T06:14:14","modified_gmt":"2026-04-29T09:14:14","slug":"fiscal-de-loja-comercial-vendas-rio-de-janeiro-4","status":"publish","type":"post","link":"https:\/\/vagas.portalemprego.com.br\/?p=3872","title":{"rendered":"Fiscal de Loja &#8211; Comercial, Vendas &#8211; Rio de Janeiro"},"content":{"rendered":"<p>&#8220;Sobre a vaga:<br \/>\nTrabalhamos para voc\u00ea ser mais voc\u00ea em todos os momentos, come\u00e7ando pela sua carreira. Se voc\u00ea se identifica conosco e procura uma empresa, acima de tudo, apaixonada por pessoas,<br \/>\n#VemPraCeA!<\/p>\n<p>Principais atribui\u00e7\u00f5es:<br \/>\n&#8211; Atua\u00e7\u00e3o com Preven\u00e7\u00e3o de Perdas;<br \/>\n&#8211; Execu\u00e7\u00e3o dos processos e procedimentos preventivos;<br \/>\n&#8211; An\u00e1lise de Perdas: conceitos e t\u00e9cnicas relacionadas \u00e0 investiga\u00e7\u00e3o de problemas operacionais e an\u00e1lise de resultados.<\/p>\n<p>Requisitos Obrigat\u00f3rios:<br \/>\nAtuar de forma anal\u00edtica e preventiva;<br \/>\nForma\u00e7\u00e3o Acad\u00eamica: necess\u00e1rio ter ensino m\u00e9dio completo;<br \/>\nExperi\u00eancia como Fiscal de Loja;\u00a0<br \/>\nViv\u00eancia em varejo \u00e9 um diferencial.&#8221;<\/p>\n<ul>\n<li>Local de trabalho: Rio de Janeiro, RJ<\/li>\n<li>Regime de contrata\u00e7\u00e3o de tipo: Efetivo \u2013 CLT<\/li>\n<li>Jornada: Per\u00edodo Integral<\/li>\n<li>\u00c1rea e especializa\u00e7\u00e3o profissional: Comercial, Vendas &#8211; Lojas \/ Shopping<\/li>\n<li>N\u00edvel hier\u00e1rquico: Assistente<\/li>\n<\/ul>\n<p>VALORIZADO<\/p>\n<p>Tempo de experi\u00eancia: Sem experi\u00eancia<\/p>\n<p>Escolaridade M\u00ednima: Ensino M\u00e9dio (2\u00ba Grau)<\/p>\n<ul>\n<li>Desconto de 20% nos produtos C&amp;A<\/li>\n<li>Day-off \u2013 folga de anivers\u00e1rio<\/li>\n<li>F\u00e9rias semestrais<\/li>\n<li>Participa\u00e7\u00e3o de lucros<\/li>\n<li>Restaurante interno ou vale-refei\u00e7\u00e3o<\/li>\n<li>Vale transporte<\/li>\n<\/ul>\n","protected":false},"excerpt":{"rendered":"<p>&#8220;Sobre a vaga: Trabalhamos para voc\u00ea ser mais voc\u00ea em todos os momentos, come\u00e7ando pela sua carreira. Se voc\u00ea se identifica conosco e procura uma empresa, acima de tudo, apaixonada por pessoas, #VemPraCeA! Principais atribui\u00e7\u00f5es: &#8211; Atua\u00e7\u00e3o com Preven\u00e7\u00e3o de Perdas; &#8211; Execu\u00e7\u00e3o dos processos e procedimentos preventivos; &#8211; An\u00e1lise de Perdas: conceitos e t\u00e9cnicas [&hellip;]<\/p>\n","protected":false},"author":1,"featured_media":0,"comment_status":"open","ping_status":"open","sticky":false,"template":"","format":"standard","meta":{"footnotes":""},"categories":[21],"tags":[],"class_list":["post-3872","post","type-post","status-publish","format-standard","hentry","category-rio-de-janeiro-rj"],"_links":{"self":[{"href":"https:\/\/vagas.portalemprego.com.br\/index.php?rest_route=\/wp\/v2\/posts\/3872","targetHints":{"allow":["GET"]}}],"collection":[{"href":"https:\/\/vagas.portalemprego.com.br\/index.php?rest_route=\/wp\/v2\/posts"}],"about":[{"href":"https:\/\/vagas.portalemprego.com.br\/index.php?rest_route=\/wp\/v2\/types\/post"}],"author":[{"embeddable":true,"href":"https:\/\/vagas.portalemprego.com.br\/index.php?rest_route=\/wp\/v2\/users\/1"}],"replies":[{"embeddable":true,"href":"https:\/\/vagas.portalemprego.com.br\/index.php?rest_route=%2Fwp%2Fv2%2Fcomments&post=3872"}],"version-history":[{"count":0,"href":"https:\/\/vagas.portalemprego.com.br\/index.php?rest_route=\/wp\/v2\/posts\/3872\/revisions"}],"wp:attachment":[{"href":"https:\/\/vagas.portalemprego.com.br\/index.php?rest_route=%2Fwp%2Fv2%2Fmedia&parent=3872"}],"wp:term":[{"taxonomy":"category","embeddable":true,"href":"https:\/\/vagas.portalemprego.com.br\/index.php?rest_route=%2Fwp%2Fv2%2Fcategories&post=3872"},{"taxonomy":"post_tag","embeddable":true,"href":"https:\/\/vagas.portalemprego.com.br\/index.php?rest_route=%2Fwp%2Fv2%2Ftags&post=3872"}],"curies":[{"name":"wp","href":"https:\/\/api.w.org\/{rel}","templated":true}]}}