{"id":3874,"date":"2026-04-29T06:14:14","date_gmt":"2026-04-29T09:14:14","guid":{"rendered":"https:\/\/vagas.portalemprego.com.br\/?p=3874"},"modified":"2026-04-29T06:14:14","modified_gmt":"2026-04-29T09:14:14","slug":"auxiliar-de-logistica-logistica-rio-de-janeiro-4","status":"publish","type":"post","link":"https:\/\/vagas.portalemprego.com.br\/?p=3874","title":{"rendered":"AUXILIAR DE LOGISTICA &#8211; Log\u00edstica &#8211; Rio de Janeiro"},"content":{"rendered":"<p>Voc\u00ea \u00e9 organizado(a), proativo(a) e gosta de trabalhar em equipe? Ent\u00e3o essa oportunidade \u00e9 para voc\u00ea!<\/p>\n<p>Miss\u00e3o do Cargo:<br \/>\nDar suporte \u00e0s opera\u00e7\u00f5es de log\u00edstica, cuidando de estoque, expedi\u00e7\u00e3o, recebimento de mercadorias e organiza\u00e7\u00e3o dos processos, garantindo efici\u00eancia e agilidade.<\/p>\n<p>Principais Atividades:<br \/>\n&#8211; Receber, conferir e organizar mercadorias.<br \/>\n&#8211; Controlar entradas e sa\u00eddas de estoque.<br \/>\n&#8211; Separar, embalar e preparar pedidos para envio.<br \/>\n&#8211; Apoiar na expedi\u00e7\u00e3o, carga e descarga.<br \/>\n&#8211; Conferir documentos e auxiliar em relat\u00f3rios.<br \/>\n&#8211; Manter o ambiente de trabalho limpo e organizado.<\/p>\n<p>Requisitos:<br \/>\n&#8211; Ensino fundamental completo<br \/>\n&#8211; Organiza\u00e7\u00e3o, aten\u00e7\u00e3o aos detalhes e boa comunica\u00e7\u00e3o<br \/>\n&#8211; Trabalho em equipe, proatividade e foco em resultados<br \/>\n&#8211; Aceitamos tamb\u00e9m candidatos em busca do primeiro emprego<\/p>\n<p>Sal\u00e1rio: R$ 1.819,90<br \/>\nHor\u00e1rio: 13h40 \u00e0s 22h00 \u2013 segunda a s\u00e1bado<\/p>\n<p>Benef\u00edcios:<br \/>\n&#8211; Day-off no dia do anivers\u00e1rio + b\u00f4nus<br \/>\n&#8211; Bonifica\u00e7\u00e3o por assiduidade<\/p>\n<p>Se voc\u00ea busca uma oportunidade para crescer na \u00e1rea log\u00edstica, essa vaga \u00e9 para voc\u00ea!<\/p>\n<p>Envie seu curr\u00edculo agora e venha fazer parte da nossa equipe!<\/p>\n<ul>\n<li>N\u00famero de vagas: 2<\/li>\n<li>Local de trabalho: Rio de Janeiro, RJ<\/li>\n<li>Regime de contrata\u00e7\u00e3o de tipo: Efetivo \u2013 CLT<\/li>\n<li>Jornada: Per\u00edodo Integral<\/li>\n<li>\u00c1rea e especializa\u00e7\u00e3o profissional: Log\u00edstica &#8211; Log\u00edstica<\/li>\n<li>N\u00edvel hier\u00e1rquico: Auxiliar<\/li>\n<\/ul>\n<p>HABILIDADES<\/p>\n<ul>\n<li>ORGANIZA\u00c7\u00c3O<\/li>\n<li>PROATIVIDADE<\/li>\n<li>DISPOSI\u00c7\u00c3O<\/li>\n<\/ul>\n<p>Escolaridade M\u00ednima: Ensino Fundamental (1\u00ba grau)<\/p>\n<ul>\n<li>BONIFICA\u00c7\u00c3O POR ASSIDUIDADE<\/li>\n<li>VALE TRANSPORTE<\/li>\n<li>DAY OFF<\/li>\n<li>B\u00d4NUS DE ANIVERS\u00c1RIO<\/li>\n<\/ul>\n<p>Sal\u00e1rio: 1819,9<\/p>\n","protected":false},"excerpt":{"rendered":"<p>Voc\u00ea \u00e9 organizado(a), proativo(a) e gosta de trabalhar em equipe? Ent\u00e3o essa oportunidade \u00e9 para voc\u00ea! Miss\u00e3o do Cargo: Dar suporte \u00e0s opera\u00e7\u00f5es de log\u00edstica, cuidando de estoque, expedi\u00e7\u00e3o, recebimento de mercadorias e organiza\u00e7\u00e3o dos processos, garantindo efici\u00eancia e agilidade. Principais Atividades: &#8211; Receber, conferir e organizar mercadorias. &#8211; Controlar entradas e sa\u00eddas de estoque. [&hellip;]<\/p>\n","protected":false},"author":1,"featured_media":0,"comment_status":"open","ping_status":"open","sticky":false,"template":"","format":"standard","meta":{"footnotes":""},"categories":[21],"tags":[],"class_list":["post-3874","post","type-post","status-publish","format-standard","hentry","category-rio-de-janeiro-rj"],"_links":{"self":[{"href":"https:\/\/vagas.portalemprego.com.br\/index.php?rest_route=\/wp\/v2\/posts\/3874","targetHints":{"allow":["GET"]}}],"collection":[{"href":"https:\/\/vagas.portalemprego.com.br\/index.php?rest_route=\/wp\/v2\/posts"}],"about":[{"href":"https:\/\/vagas.portalemprego.com.br\/index.php?rest_route=\/wp\/v2\/types\/post"}],"author":[{"embeddable":true,"href":"https:\/\/vagas.portalemprego.com.br\/index.php?rest_route=\/wp\/v2\/users\/1"}],"replies":[{"embeddable":true,"href":"https:\/\/vagas.portalemprego.com.br\/index.php?rest_route=%2Fwp%2Fv2%2Fcomments&post=3874"}],"version-history":[{"count":0,"href":"https:\/\/vagas.portalemprego.com.br\/index.php?rest_route=\/wp\/v2\/posts\/3874\/revisions"}],"wp:attachment":[{"href":"https:\/\/vagas.portalemprego.com.br\/index.php?rest_route=%2Fwp%2Fv2%2Fmedia&parent=3874"}],"wp:term":[{"taxonomy":"category","embeddable":true,"href":"https:\/\/vagas.portalemprego.com.br\/index.php?rest_route=%2Fwp%2Fv2%2Fcategories&post=3874"},{"taxonomy":"post_tag","embeddable":true,"href":"https:\/\/vagas.portalemprego.com.br\/index.php?rest_route=%2Fwp%2Fv2%2Ftags&post=3874"}],"curies":[{"name":"wp","href":"https:\/\/api.w.org\/{rel}","templated":true}]}}