{"id":3875,"date":"2026-04-29T06:14:14","date_gmt":"2026-04-29T09:14:14","guid":{"rendered":"https:\/\/vagas.portalemprego.com.br\/?p=3875"},"modified":"2026-04-29T06:14:14","modified_gmt":"2026-04-29T09:14:14","slug":"auxiliar-de-consultorio-dermatologico-administracao-rio-de-janeiro","status":"publish","type":"post","link":"https:\/\/vagas.portalemprego.com.br\/?p=3875","title":{"rendered":"Auxiliar de Consult\u00f3rio Dermatol\u00f3gico &#8211; Administra\u00e7\u00e3o &#8211; Rio de Janeiro"},"content":{"rendered":"<p>Atividades<\/p>\n<p>Sobre a vaga<\/p>\n<p>Buscamos um\u00a0Auxiliar de Consult\u00f3rio Dermatol\u00f3gico\u00a0para integrar nossa equipe de profissionais de sa\u00fade. O profissional ser\u00e1 respons\u00e1vel por apoiar os dermatologistas em atendimentos cl\u00ednicos e est\u00e9ticos, garantindo a excel\u00eancia no cuidado ao paciente e a efici\u00eancia operacional do consult\u00f3rio.<br \/>\nResponsabilidades<\/p>\n<p>Prestar apoio aos dermatologistas durante consultas e procedimentos<br \/>\nOrganizar e manter o estoque de materiais e equipamentos de dermatologia<br \/>\nAtender pacientes com cordialidade, garantindo uma experi\u00eancia positiva<br \/>\nGerenciar a agenda da m\u00e9dica com alto n\u00edvel de organiza\u00e7\u00e3o\u00a0<br \/>\nExcutar follow-up ativo ( Confirma\u00e7\u00f5es, reagendamentos e retornos.<br \/>\nApoiar na estrat\u00e9gia de fideliza\u00e7\u00e3o\u00a0<br \/>\nEmiss\u00e3o de recebidos e NF<br \/>\nGerenciamento de sistemas cont\u00e1beis, financeiros e prontu\u00e1rios eletr\u00f4nicos<\/p>\n<p>Requisitos e qualifica\u00e7\u00f5es<\/p>\n<p>Experi\u00eancia pr\u00e9via\u00a0em consult\u00f3rios m\u00e9dico<br \/>\nFamiliaridade com sistemas de agenda e prontu\u00e1rio eletr\u00f4nico<br \/>\nBoa escrita e comunica\u00e7\u00e3o digital<br \/>\nNo\u00e7\u00f5es administrativas e financeiras\u00a0<\/p>\n<p>Desej\u00e1vel<\/p>\n<p>Compet\u00eancias Comportamentais<br \/>\n&#8211; Comunica\u00e7\u00e3o clara, acolhedora e assertiva.<\/p>\n<p>&#8211; Perfil comercial e vis\u00e3o de vendas.<\/p>\n<p>&#8211; Organiza\u00e7\u00e3o, responsabilidade e aten\u00e7\u00e3o aos detalhes.<\/p>\n<p>&#8211; Pontualidade, comprometimento e \u00e9tica.<\/p>\n<p>Responsabilidades e atribui\u00e7\u00f5es<\/p>\n<p>INDICADORES DE SUCESSO<\/p>\n<p>&#8211; Organiza\u00e7\u00e3o da agenda m\u00e9dica.<\/p>\n<p>&#8211; Qualidade do atendimento.<\/p>\n<p>&#8211; Efici\u00eancia em follow-up e recall.<\/p>\n<p>&#8211; Redu\u00e7\u00e3o de faltas.<\/p>\n<p>&#8211; Confiabilidade administrativa e cl\u00ednica.<\/p>\n<p>&#8211; Contribui\u00e7\u00e3o para produtividade e resultados.<\/p>\n<ul>\n<li>Local de trabalho: Rio de Janeiro, RJ<\/li>\n<li>Regime de contrata\u00e7\u00e3o de tipo: Efetivo \u2013 CLT<\/li>\n<li>Jornada: Per\u00edodo Integral<\/li>\n<li>\u00c1rea e especializa\u00e7\u00e3o profissional: Administra\u00e7\u00e3o &#8211; Recep\u00e7\u00e3o<\/li>\n<li>N\u00edvel hier\u00e1rquico: Auxiliar<\/li>\n<\/ul>\n<p>VALORIZADO<\/p>\n<p>Tempo de experi\u00eancia: Entre 1 e 3 anos<\/p>\n<p>Escolaridade M\u00ednima: Ensino M\u00e9dio (2\u00ba Grau)<\/p>\n<ul>\n<li>Vale transporte<\/li>\n<li>Vale alimenta\u00e7\u00e3o<\/li>\n<\/ul>\n<p>Sal\u00e1rio: 2600,0<\/p>\n","protected":false},"excerpt":{"rendered":"<p>Atividades Sobre a vaga Buscamos um\u00a0Auxiliar de Consult\u00f3rio Dermatol\u00f3gico\u00a0para integrar nossa equipe de profissionais de sa\u00fade. O profissional ser\u00e1 respons\u00e1vel por apoiar os dermatologistas em atendimentos cl\u00ednicos e est\u00e9ticos, garantindo a excel\u00eancia no cuidado ao paciente e a efici\u00eancia operacional do consult\u00f3rio. Responsabilidades Prestar apoio aos dermatologistas durante consultas e procedimentos Organizar e manter o [&hellip;]<\/p>\n","protected":false},"author":1,"featured_media":0,"comment_status":"open","ping_status":"open","sticky":false,"template":"","format":"standard","meta":{"footnotes":""},"categories":[21],"tags":[],"class_list":["post-3875","post","type-post","status-publish","format-standard","hentry","category-rio-de-janeiro-rj"],"_links":{"self":[{"href":"https:\/\/vagas.portalemprego.com.br\/index.php?rest_route=\/wp\/v2\/posts\/3875","targetHints":{"allow":["GET"]}}],"collection":[{"href":"https:\/\/vagas.portalemprego.com.br\/index.php?rest_route=\/wp\/v2\/posts"}],"about":[{"href":"https:\/\/vagas.portalemprego.com.br\/index.php?rest_route=\/wp\/v2\/types\/post"}],"author":[{"embeddable":true,"href":"https:\/\/vagas.portalemprego.com.br\/index.php?rest_route=\/wp\/v2\/users\/1"}],"replies":[{"embeddable":true,"href":"https:\/\/vagas.portalemprego.com.br\/index.php?rest_route=%2Fwp%2Fv2%2Fcomments&post=3875"}],"version-history":[{"count":0,"href":"https:\/\/vagas.portalemprego.com.br\/index.php?rest_route=\/wp\/v2\/posts\/3875\/revisions"}],"wp:attachment":[{"href":"https:\/\/vagas.portalemprego.com.br\/index.php?rest_route=%2Fwp%2Fv2%2Fmedia&parent=3875"}],"wp:term":[{"taxonomy":"category","embeddable":true,"href":"https:\/\/vagas.portalemprego.com.br\/index.php?rest_route=%2Fwp%2Fv2%2Fcategories&post=3875"},{"taxonomy":"post_tag","embeddable":true,"href":"https:\/\/vagas.portalemprego.com.br\/index.php?rest_route=%2Fwp%2Fv2%2Ftags&post=3875"}],"curies":[{"name":"wp","href":"https:\/\/api.w.org\/{rel}","templated":true}]}}