{"id":3876,"date":"2026-04-29T06:14:14","date_gmt":"2026-04-29T09:14:14","guid":{"rendered":"https:\/\/vagas.portalemprego.com.br\/?p=3876"},"modified":"2026-04-29T06:14:14","modified_gmt":"2026-04-29T09:14:14","slug":"assistente-tecnico-moto-externo-construcao-manutencao-rio-de-janeiro","status":"publish","type":"post","link":"https:\/\/vagas.portalemprego.com.br\/?p=3876","title":{"rendered":"ASSISTENTE TECNICO MOTO- externo &#8211; Constru\u00e7\u00e3o, Manuten\u00e7\u00e3o &#8211; Rio de Janeiro"},"content":{"rendered":"<p>Efetuar internamente os reparos e ajustes necess\u00e1rias para o correto funcionamento da m\u00e1quina;<br \/>\n&#8211; Executar atividades de manuten\u00e7\u00e3o preventiva\/corretiva e instala\u00e7\u00f5es, quando necess\u00e1rio;<br \/>\n&#8211; Realizar atendimentos corretivos em consumidores finais (B2C);<br \/>\n&#8211; Cuidar da manuten\u00e7\u00e3o e conserva\u00e7\u00e3o das ferramentas e pe\u00e7as sob sua responsabilidade.<\/p>\n<p>Requisitos e qualifica\u00e7\u00f5es<br \/>\nEscolaridade<br \/>\n&#8211; Ensino t\u00e9cnico em andamento nos cursos de eletroeletr\u00f4nica, eletrot\u00e9cnica, mec\u00e2nica ou \u00e1reas correlatas.<\/p>\n<p>Necess\u00e1rio<br \/>\n&#8211; No\u00e7\u00e3o com ferramentas de apresenta\u00e7\u00f5es e planilhas;<br \/>\n&#8211; Possuir habilita\u00e7\u00e3o categoria A<br \/>\n&#8211; Disponibilidade para trabalho de segunda a s\u00e1bado;<br \/>\n&#8211; Residir na regi\u00e3o de Rio de Janeiro<br \/>\n-Possuir moto.<br \/>\nResidir no Rio de Janeiro<\/p>\n<p>Plano de Sa\u00fade<br \/>\nPlano odontol\u00f3gico;<br \/>\nkm e Deprecia\u00e7\u00e3o<br \/>\nRefei\u00e7\u00e3o;<br \/>\nKit de Produtos mensal;<br \/>\nTelemedicina e Terapia Online 100% custeadas pela empresa (estendido a dependentes);<br \/>\nSeguro de Vida;<br \/>\nWellhub.<\/p>\n<ul>\n<li>N\u00famero de vagas: 5<\/li>\n<li>Local de trabalho: Rio de Janeiro, RJ<\/li>\n<li>Regime de contrata\u00e7\u00e3o de tipo: Efetivo \u2013 CLT<\/li>\n<li>Jornada: Per\u00edodo Integral<\/li>\n<li>\u00c1rea e especializa\u00e7\u00e3o profissional: Constru\u00e7\u00e3o, Manuten\u00e7\u00e3o &#8211; Manuten\u00e7\u00e3o de Maquinaria<\/li>\n<li>N\u00edvel hier\u00e1rquico: Assistente<\/li>\n<\/ul>\n<p>VALORIZADO<\/p>\n<p>Tempo de experi\u00eancia: Entre 3 e 5 anos<\/p>\n<p>Escolaridade M\u00ednima: Curso T\u00e9cnico<\/p>\n<p>Sal\u00e1rio: 2648,03<\/p>\n","protected":false},"excerpt":{"rendered":"<p>Efetuar internamente os reparos e ajustes necess\u00e1rias para o correto funcionamento da m\u00e1quina; &#8211; Executar atividades de manuten\u00e7\u00e3o preventiva\/corretiva e instala\u00e7\u00f5es, quando necess\u00e1rio; &#8211; Realizar atendimentos corretivos em consumidores finais (B2C); &#8211; Cuidar da manuten\u00e7\u00e3o e conserva\u00e7\u00e3o das ferramentas e pe\u00e7as sob sua responsabilidade. Requisitos e qualifica\u00e7\u00f5es Escolaridade &#8211; Ensino t\u00e9cnico em andamento nos cursos [&hellip;]<\/p>\n","protected":false},"author":1,"featured_media":0,"comment_status":"open","ping_status":"open","sticky":false,"template":"","format":"standard","meta":{"footnotes":""},"categories":[21],"tags":[],"class_list":["post-3876","post","type-post","status-publish","format-standard","hentry","category-rio-de-janeiro-rj"],"_links":{"self":[{"href":"https:\/\/vagas.portalemprego.com.br\/index.php?rest_route=\/wp\/v2\/posts\/3876","targetHints":{"allow":["GET"]}}],"collection":[{"href":"https:\/\/vagas.portalemprego.com.br\/index.php?rest_route=\/wp\/v2\/posts"}],"about":[{"href":"https:\/\/vagas.portalemprego.com.br\/index.php?rest_route=\/wp\/v2\/types\/post"}],"author":[{"embeddable":true,"href":"https:\/\/vagas.portalemprego.com.br\/index.php?rest_route=\/wp\/v2\/users\/1"}],"replies":[{"embeddable":true,"href":"https:\/\/vagas.portalemprego.com.br\/index.php?rest_route=%2Fwp%2Fv2%2Fcomments&post=3876"}],"version-history":[{"count":0,"href":"https:\/\/vagas.portalemprego.com.br\/index.php?rest_route=\/wp\/v2\/posts\/3876\/revisions"}],"wp:attachment":[{"href":"https:\/\/vagas.portalemprego.com.br\/index.php?rest_route=%2Fwp%2Fv2%2Fmedia&parent=3876"}],"wp:term":[{"taxonomy":"category","embeddable":true,"href":"https:\/\/vagas.portalemprego.com.br\/index.php?rest_route=%2Fwp%2Fv2%2Fcategories&post=3876"},{"taxonomy":"post_tag","embeddable":true,"href":"https:\/\/vagas.portalemprego.com.br\/index.php?rest_route=%2Fwp%2Fv2%2Ftags&post=3876"}],"curies":[{"name":"wp","href":"https:\/\/api.w.org\/{rel}","templated":true}]}}