{"id":3881,"date":"2026-04-29T06:14:14","date_gmt":"2026-04-29T09:14:14","guid":{"rendered":"https:\/\/vagas.portalemprego.com.br\/?p=3881"},"modified":"2026-04-29T06:14:14","modified_gmt":"2026-04-29T09:14:14","slug":"tecnico-seguranca-do-trabalho-logistica-duque-de-caxias","status":"publish","type":"post","link":"https:\/\/vagas.portalemprego.com.br\/?p=3881","title":{"rendered":"T\u00e9cnico Seguran\u00e7a do Trabalho &#8211; Log\u00edstica &#8211; Duque de Caxias"},"content":{"rendered":"<p>*T\u00e9cnico de Seguran\u00e7a do Trabalho * em uma ind\u00fastria  de G\u00e1s e Energia de grande porte  localizada em *Duque de Caxias RJ.*<br \/>\n*Tipo de Vaga:* Inicialmente tempor\u00e1ria.<br \/>\n*Sal\u00e1rio:* R$2643.84 , acrescidos 30% = R$  R$3437.00<br \/>\n*Benef\u00edcios*: Vale Transporte e Refei\u00e7\u00e3o no Local<br \/>\nHor\u00e1rio: O de 2\u00aa a 6\u00aa feira de 10:00\u00e0s 19:00h e s\u00e1bado quinzenal de 07:00 \u00e0s 16:00h.<br \/>\n*Principais Atividades:* Experiencia em treinamentos, equipamentos de seguran\u00e7a, cipa, sipat, analise de riscos e preven\u00e7\u00e3o de acidentes<\/p>\n<p>Forma\u00e7\u00e3o tecnica com registro<\/p>\n<ul>\n<li>Local de trabalho: Duque de Caxias, RJ<\/li>\n<li>Regime de contrata\u00e7\u00e3o de tipo: Tempor\u00e1rio<\/li>\n<li>Jornada: Per\u00edodo Integral<\/li>\n<li>\u00c1rea e especializa\u00e7\u00e3o profissional: Log\u00edstica &#8211; Estoque, Armazenagem, Dep\u00f3sito<\/li>\n<li>N\u00edvel hier\u00e1rquico: Operacional<\/li>\n<\/ul>\n<p>VALORIZADO<\/p>\n<p>Tempo de experi\u00eancia: Entre 1 e 3 anos<\/p>\n<p>Escolaridade M\u00ednima: Curso T\u00e9cnico<\/p>\n<p>Sal\u00e1rio: 3437,0<\/p>\n","protected":false},"excerpt":{"rendered":"<p>*T\u00e9cnico de Seguran\u00e7a do Trabalho * em uma ind\u00fastria de G\u00e1s e Energia de grande porte localizada em *Duque de Caxias RJ.* *Tipo de Vaga:* Inicialmente tempor\u00e1ria. *Sal\u00e1rio:* R$2643.84 , acrescidos 30% = R$ R$3437.00 *Benef\u00edcios*: Vale Transporte e Refei\u00e7\u00e3o no Local Hor\u00e1rio: O de 2\u00aa a 6\u00aa feira de 10:00\u00e0s 19:00h e s\u00e1bado quinzenal [&hellip;]<\/p>\n","protected":false},"author":1,"featured_media":0,"comment_status":"open","ping_status":"open","sticky":false,"template":"","format":"standard","meta":{"footnotes":""},"categories":[21],"tags":[],"class_list":["post-3881","post","type-post","status-publish","format-standard","hentry","category-rio-de-janeiro-rj"],"_links":{"self":[{"href":"https:\/\/vagas.portalemprego.com.br\/index.php?rest_route=\/wp\/v2\/posts\/3881","targetHints":{"allow":["GET"]}}],"collection":[{"href":"https:\/\/vagas.portalemprego.com.br\/index.php?rest_route=\/wp\/v2\/posts"}],"about":[{"href":"https:\/\/vagas.portalemprego.com.br\/index.php?rest_route=\/wp\/v2\/types\/post"}],"author":[{"embeddable":true,"href":"https:\/\/vagas.portalemprego.com.br\/index.php?rest_route=\/wp\/v2\/users\/1"}],"replies":[{"embeddable":true,"href":"https:\/\/vagas.portalemprego.com.br\/index.php?rest_route=%2Fwp%2Fv2%2Fcomments&post=3881"}],"version-history":[{"count":0,"href":"https:\/\/vagas.portalemprego.com.br\/index.php?rest_route=\/wp\/v2\/posts\/3881\/revisions"}],"wp:attachment":[{"href":"https:\/\/vagas.portalemprego.com.br\/index.php?rest_route=%2Fwp%2Fv2%2Fmedia&parent=3881"}],"wp:term":[{"taxonomy":"category","embeddable":true,"href":"https:\/\/vagas.portalemprego.com.br\/index.php?rest_route=%2Fwp%2Fv2%2Fcategories&post=3881"},{"taxonomy":"post_tag","embeddable":true,"href":"https:\/\/vagas.portalemprego.com.br\/index.php?rest_route=%2Fwp%2Fv2%2Ftags&post=3881"}],"curies":[{"name":"wp","href":"https:\/\/api.w.org\/{rel}","templated":true}]}}