{"id":3882,"date":"2026-04-29T06:14:14","date_gmt":"2026-04-29T09:14:14","guid":{"rendered":"https:\/\/vagas.portalemprego.com.br\/?p=3882"},"modified":"2026-04-29T06:14:14","modified_gmt":"2026-04-29T09:14:14","slug":"estagiario-de-comunicacao-social-marketing-rio-de-janeiro","status":"publish","type":"post","link":"https:\/\/vagas.portalemprego.com.br\/?p=3882","title":{"rendered":"Estagi\u00e1rio de Comunica\u00e7\u00e3o Social &#8211; Marketing &#8211; Rio de Janeiro"},"content":{"rendered":"<p>O estagi\u00e1rio ir\u00e1:<\/p>\n<p>Planejamento e produ\u00e7\u00e3o de conte\u00fado para redes sociais.<\/p>\n<p>Gerenciamento de postagens e intera\u00e7\u00e3o com o p\u00fablico.<\/p>\n<p>Apoio em campanhas de marketing digital.<\/p>\n<p>Edi\u00e7\u00e3o de imagens e v\u00eddeos<\/p>\n<p>Interagir com o publico de forma consistente e estrat\u00e9gica<\/p>\n<ul>\n<li>Local de trabalho: Rio de Janeiro, RJ<\/li>\n<li>Regime de contrata\u00e7\u00e3o de tipo: Est\u00e1gio<\/li>\n<li>Jornada: Per\u00edodo Integral<\/li>\n<li>\u00c1rea e especializa\u00e7\u00e3o profissional: Marketing &#8211; Marketing<\/li>\n<li>N\u00edvel hier\u00e1rquico: Estagi\u00e1rio<\/li>\n<\/ul>\n<p>HABILIDADES<\/p>\n<ul>\n<li>Usu\u00e1rio frequente de redes sociais, habilidades em cria\u00e7\u00e3o de conte\u00fado e edi\u00e7\u00e3o de imagens\/v\u00eddeos, criatividade, proatividade, boa comunica\u00e7\u00e3o e ingl\u00eas b\u00e1sico.<\/li>\n<li>Ensino superior em curso nas \u00e1reas de marketing, publicidade e propaganda, ou comunica\u00e7\u00e3o social<\/li>\n<li>Conhecimento em programas de cria\u00e7\u00e3o, como o Pacote Adobe e CapCut.<\/li>\n<\/ul>\n<p>Escolaridade M\u00ednima: Ensino Superior<\/p>\n<p>Idiomas:<\/p>\n<ul>\n<li>Ingl\u00eas (Avan\u00e7ado)<\/li>\n<\/ul>\n<p>Sal\u00e1rio: 1621,0<\/p>\n","protected":false},"excerpt":{"rendered":"<p>O estagi\u00e1rio ir\u00e1: Planejamento e produ\u00e7\u00e3o de conte\u00fado para redes sociais. Gerenciamento de postagens e intera\u00e7\u00e3o com o p\u00fablico. Apoio em campanhas de marketing digital. Edi\u00e7\u00e3o de imagens e v\u00eddeos Interagir com o publico de forma consistente e estrat\u00e9gica Local de trabalho: Rio de Janeiro, RJ Regime de contrata\u00e7\u00e3o de tipo: Est\u00e1gio Jornada: Per\u00edodo Integral [&hellip;]<\/p>\n","protected":false},"author":1,"featured_media":0,"comment_status":"open","ping_status":"open","sticky":false,"template":"","format":"standard","meta":{"footnotes":""},"categories":[21],"tags":[],"class_list":["post-3882","post","type-post","status-publish","format-standard","hentry","category-rio-de-janeiro-rj"],"_links":{"self":[{"href":"https:\/\/vagas.portalemprego.com.br\/index.php?rest_route=\/wp\/v2\/posts\/3882","targetHints":{"allow":["GET"]}}],"collection":[{"href":"https:\/\/vagas.portalemprego.com.br\/index.php?rest_route=\/wp\/v2\/posts"}],"about":[{"href":"https:\/\/vagas.portalemprego.com.br\/index.php?rest_route=\/wp\/v2\/types\/post"}],"author":[{"embeddable":true,"href":"https:\/\/vagas.portalemprego.com.br\/index.php?rest_route=\/wp\/v2\/users\/1"}],"replies":[{"embeddable":true,"href":"https:\/\/vagas.portalemprego.com.br\/index.php?rest_route=%2Fwp%2Fv2%2Fcomments&post=3882"}],"version-history":[{"count":0,"href":"https:\/\/vagas.portalemprego.com.br\/index.php?rest_route=\/wp\/v2\/posts\/3882\/revisions"}],"wp:attachment":[{"href":"https:\/\/vagas.portalemprego.com.br\/index.php?rest_route=%2Fwp%2Fv2%2Fmedia&parent=3882"}],"wp:term":[{"taxonomy":"category","embeddable":true,"href":"https:\/\/vagas.portalemprego.com.br\/index.php?rest_route=%2Fwp%2Fv2%2Fcategories&post=3882"},{"taxonomy":"post_tag","embeddable":true,"href":"https:\/\/vagas.portalemprego.com.br\/index.php?rest_route=%2Fwp%2Fv2%2Ftags&post=3882"}],"curies":[{"name":"wp","href":"https:\/\/api.w.org\/{rel}","templated":true}]}}