{"id":3883,"date":"2026-04-29T06:14:14","date_gmt":"2026-04-29T09:14:14","guid":{"rendered":"https:\/\/vagas.portalemprego.com.br\/?p=3883"},"modified":"2026-04-29T06:14:14","modified_gmt":"2026-04-29T09:14:14","slug":"analista-de-projetos-engenharia-rio-de-janeiro","status":"publish","type":"post","link":"https:\/\/vagas.portalemprego.com.br\/?p=3883","title":{"rendered":"Analista de Projetos &#8211; Engenharia &#8211; Rio de Janeiro"},"content":{"rendered":"<p>REQUISITO PRINCIPAL: FORMA\u00c7\u00c3O EM ARQUITETURA E URBANISMO<br \/>\nRequisitos T\u00e9cnicos<br \/>\n\u2022 Conhecimento em AutoCAD e\/ou Revit;<br \/>\n\u2022 Experi\u00eancia em compatibiliza\u00e7\u00e3o de projetos, com habilidade para identificar interfer\u00eancias b\u00e1sicas e apoiar o fluxo de revis\u00f5es;<br \/>\n\u2022 Dom\u00ednio do Pacote Office, com \u00eanfase em Excel avan\u00e7ado;<br \/>\n\u2022 Organiza\u00e7\u00e3o e gest\u00e3o de documenta\u00e7\u00e3o t\u00e9cnica (memoriais, briefings, especifica\u00e7\u00f5es, ART\/RRT);<br \/>\n\u2022 Apoio na gest\u00e3o de cronogramas, acompanhando e atualizando prazos;<br \/>\n\u2022 Familiaridade com ferramentas de gest\u00e3o de projetos (MS Project, Trello, Planner);<br \/>\n\u2022 No\u00e7\u00f5es de legisla\u00e7\u00e3o e normas t\u00e9cnicas aplic\u00e1veis a projetos imobili\u00e1rios (ABNT, Corpo de Bombeiros, Prefeitura);<br \/>\n\u2022 Forma\u00e7\u00e3o em Arquitetura e Urbanismo, com experi\u00eancia pr\u00e9via em construtoras e\/ou incorporadoras.<\/p>\n<p>Compet\u00eancias Comportamentais<br \/>\n\u2022 Vis\u00e3o de dono, resili\u00eancia e proatividade;<br \/>\n\u2022 Boa comunica\u00e7\u00e3o oral e escrita;<br \/>\n\u2022 Aten\u00e7\u00e3o aos detalhes, com capacidade de identificar inconsist\u00eancias em plantas, memoriais e demais documentos;<br \/>\n\u2022 Habilidade para trabalho em equipe, atuando como elo entre diferentes disciplinas.<\/p>\n<p>Principais Responsabilidades<\/p>\n<p>\u2022 Controle e acompanhamento de projetos executivos (cronogramas, revis\u00f5es e entregas);<br \/>\n\u2022 Interface com escrit\u00f3rios de arquitetura e projetistas multidisciplinares;<br \/>\n\u2022 Apoio e acompanhamento em reuni\u00f5es de compatibiliza\u00e7\u00e3o;<br \/>\n\u2022 Gest\u00e3o e acompanhamento de aprova\u00e7\u00f5es junto a concession\u00e1rias;<br \/>\n\u2022 An\u00e1lise cr\u00edtica de materiais de vendas, oferecendo suporte ao Setor de Produto<\/p>\n<ul>\n<li>Local de trabalho: Rio de Janeiro, RJ<\/li>\n<li>Regime de contrata\u00e7\u00e3o de tipo: Prestador de Servi\u00e7os (PJ)<\/li>\n<li>Jornada: Per\u00edodo Integral<\/li>\n<li>\u00c1rea e especializa\u00e7\u00e3o profissional: Engenharia &#8211; Engenharia Civil<\/li>\n<li>N\u00edvel hier\u00e1rquico: Analista<\/li>\n<\/ul>\n<p>Escolaridade M\u00ednima: Ensino Superior<\/p>\n<p>Sal\u00e1rio: 7000,0<\/p>\n","protected":false},"excerpt":{"rendered":"<p>REQUISITO PRINCIPAL: FORMA\u00c7\u00c3O EM ARQUITETURA E URBANISMO Requisitos T\u00e9cnicos \u2022 Conhecimento em AutoCAD e\/ou Revit; \u2022 Experi\u00eancia em compatibiliza\u00e7\u00e3o de projetos, com habilidade para identificar interfer\u00eancias b\u00e1sicas e apoiar o fluxo de revis\u00f5es; \u2022 Dom\u00ednio do Pacote Office, com \u00eanfase em Excel avan\u00e7ado; \u2022 Organiza\u00e7\u00e3o e gest\u00e3o de documenta\u00e7\u00e3o t\u00e9cnica (memoriais, briefings, especifica\u00e7\u00f5es, ART\/RRT); \u2022 [&hellip;]<\/p>\n","protected":false},"author":1,"featured_media":0,"comment_status":"open","ping_status":"open","sticky":false,"template":"","format":"standard","meta":{"footnotes":""},"categories":[21],"tags":[],"class_list":["post-3883","post","type-post","status-publish","format-standard","hentry","category-rio-de-janeiro-rj"],"_links":{"self":[{"href":"https:\/\/vagas.portalemprego.com.br\/index.php?rest_route=\/wp\/v2\/posts\/3883","targetHints":{"allow":["GET"]}}],"collection":[{"href":"https:\/\/vagas.portalemprego.com.br\/index.php?rest_route=\/wp\/v2\/posts"}],"about":[{"href":"https:\/\/vagas.portalemprego.com.br\/index.php?rest_route=\/wp\/v2\/types\/post"}],"author":[{"embeddable":true,"href":"https:\/\/vagas.portalemprego.com.br\/index.php?rest_route=\/wp\/v2\/users\/1"}],"replies":[{"embeddable":true,"href":"https:\/\/vagas.portalemprego.com.br\/index.php?rest_route=%2Fwp%2Fv2%2Fcomments&post=3883"}],"version-history":[{"count":0,"href":"https:\/\/vagas.portalemprego.com.br\/index.php?rest_route=\/wp\/v2\/posts\/3883\/revisions"}],"wp:attachment":[{"href":"https:\/\/vagas.portalemprego.com.br\/index.php?rest_route=%2Fwp%2Fv2%2Fmedia&parent=3883"}],"wp:term":[{"taxonomy":"category","embeddable":true,"href":"https:\/\/vagas.portalemprego.com.br\/index.php?rest_route=%2Fwp%2Fv2%2Fcategories&post=3883"},{"taxonomy":"post_tag","embeddable":true,"href":"https:\/\/vagas.portalemprego.com.br\/index.php?rest_route=%2Fwp%2Fv2%2Ftags&post=3883"}],"curies":[{"name":"wp","href":"https:\/\/api.w.org\/{rel}","templated":true}]}}