{"id":3886,"date":"2026-04-29T06:14:14","date_gmt":"2026-04-29T09:14:14","guid":{"rendered":"https:\/\/vagas.portalemprego.com.br\/?p=3886"},"modified":"2026-04-29T06:14:14","modified_gmt":"2026-04-29T09:14:14","slug":"auxiliar-de-cozinha-alimentacao-gastronomia-rio-de-janeiro-19","status":"publish","type":"post","link":"https:\/\/vagas.portalemprego.com.br\/?p=3886","title":{"rendered":"Auxiliar de Cozinha &#8211; Alimenta\u00e7\u00e3o \/ Gastronomia &#8211; Rio de Janeiro"},"content":{"rendered":"<p>Estamos contratando 2 a 3 profissionais para in\u00edcio imediato.<br \/>\n?? Perfil que buscamos:<br \/>\n\u2022 Temos prefer\u00eancia por mulheres para esta vaga.<br \/>\n \u2022 N\u00e3o \u00e9 necess\u00e1rio ter muita experi\u00eancia em cozinha \u2013 oferecemos treinamento completo na loja, pois trabalhamos com um produto espec\u00edfico.<br \/>\n \u2022 Trabalhamos com culin\u00e1ria havaiana, ent\u00e3o \u00e9 importante ter abertura para aprender nomes e termos asi\u00e1ticos\/orientais.<br \/>\n \u2022 Pessoas mais jovens costumam ter mais afinidade com o estilo do produto e da opera\u00e7\u00e3o.<br \/>\n \u2022 Experi\u00eancia em lanchonete, padaria ou atendimento em balc\u00e3o \u00e9 um diferencial.<br \/>\n \u2022 A vaga \u00e9 focada principalmente em produ\u00e7\u00e3o e montagem (estilo Subway \u2013 linha de montagem).<br \/>\n?? Contexto da vaga:<br \/>\nEstou com uma colaboradora entrando em licen\u00e7a maternidade e outra saindo no final de mar\u00e7o.<br \/>\n Al\u00e9m disso, tenho um volume grande de f\u00e9rias ao longo do ano.<br \/>\n Por isso, preciso de pessoas fixas para reposi\u00e7\u00e3o.<br \/>\n?? Condi\u00e7\u00f5es:<br \/>\n \u2022 Taxa de servi\u00e7o mensal<br \/>\n \u2022 Bonifica\u00e7\u00e3o<br \/>\n \u2022 Vale-transporte<br \/>\n \u2022 Alimenta\u00e7\u00e3o no local<br \/>\n?? Hor\u00e1rios:<br \/>\n\u2022 09h40 \u00e0s 18h<br \/>\n \u2022 15h40 \u00e0s 00h<\/p>\n<ul>\n<li>N\u00famero de vagas: 3<\/li>\n<li>Local de trabalho: Rio de Janeiro, RJ<\/li>\n<li>Regime de contrata\u00e7\u00e3o de tipo: Efetivo \u2013 CLT<\/li>\n<li>Jornada: Per\u00edodo Integral<\/li>\n<li>\u00c1rea e especializa\u00e7\u00e3o profissional: Alimenta\u00e7\u00e3o \/ Gastronomia &#8211; Cozinha<\/li>\n<li>N\u00edvel hier\u00e1rquico: Auxiliar<\/li>\n<\/ul>\n<p>Escolaridade M\u00ednima: Curso extra-curricular \/ Profissionalizante<\/p>\n","protected":false},"excerpt":{"rendered":"<p>Estamos contratando 2 a 3 profissionais para in\u00edcio imediato. ?? Perfil que buscamos: \u2022 Temos prefer\u00eancia por mulheres para esta vaga. \u2022 N\u00e3o \u00e9 necess\u00e1rio ter muita experi\u00eancia em cozinha \u2013 oferecemos treinamento completo na loja, pois trabalhamos com um produto espec\u00edfico. \u2022 Trabalhamos com culin\u00e1ria havaiana, ent\u00e3o \u00e9 importante ter abertura para aprender nomes [&hellip;]<\/p>\n","protected":false},"author":1,"featured_media":0,"comment_status":"open","ping_status":"open","sticky":false,"template":"","format":"standard","meta":{"footnotes":""},"categories":[21],"tags":[],"class_list":["post-3886","post","type-post","status-publish","format-standard","hentry","category-rio-de-janeiro-rj"],"_links":{"self":[{"href":"https:\/\/vagas.portalemprego.com.br\/index.php?rest_route=\/wp\/v2\/posts\/3886","targetHints":{"allow":["GET"]}}],"collection":[{"href":"https:\/\/vagas.portalemprego.com.br\/index.php?rest_route=\/wp\/v2\/posts"}],"about":[{"href":"https:\/\/vagas.portalemprego.com.br\/index.php?rest_route=\/wp\/v2\/types\/post"}],"author":[{"embeddable":true,"href":"https:\/\/vagas.portalemprego.com.br\/index.php?rest_route=\/wp\/v2\/users\/1"}],"replies":[{"embeddable":true,"href":"https:\/\/vagas.portalemprego.com.br\/index.php?rest_route=%2Fwp%2Fv2%2Fcomments&post=3886"}],"version-history":[{"count":0,"href":"https:\/\/vagas.portalemprego.com.br\/index.php?rest_route=\/wp\/v2\/posts\/3886\/revisions"}],"wp:attachment":[{"href":"https:\/\/vagas.portalemprego.com.br\/index.php?rest_route=%2Fwp%2Fv2%2Fmedia&parent=3886"}],"wp:term":[{"taxonomy":"category","embeddable":true,"href":"https:\/\/vagas.portalemprego.com.br\/index.php?rest_route=%2Fwp%2Fv2%2Fcategories&post=3886"},{"taxonomy":"post_tag","embeddable":true,"href":"https:\/\/vagas.portalemprego.com.br\/index.php?rest_route=%2Fwp%2Fv2%2Ftags&post=3886"}],"curies":[{"name":"wp","href":"https:\/\/api.w.org\/{rel}","templated":true}]}}