{"id":3889,"date":"2026-04-29T06:14:14","date_gmt":"2026-04-29T09:14:14","guid":{"rendered":"https:\/\/vagas.portalemprego.com.br\/?p=3889"},"modified":"2026-04-29T06:14:14","modified_gmt":"2026-04-29T09:14:14","slug":"assistente-de-marketing-relacionamento-centro-rj-marketing-rio-de-janeiro","status":"publish","type":"post","link":"https:\/\/vagas.portalemprego.com.br\/?p=3889","title":{"rendered":"Assistente de Marketing \u2013 Relacionamento &#8211; Centro (RJ) &#8211; Marketing &#8211; Rio de Janeiro"},"content":{"rendered":"<p>A Sfera Multifranquias, empresa com mais de 42 anos de atua\u00e7\u00e3o s\u00f3lida no varejo e em constante expans\u00e3o, est\u00e1 em busca de um(a) Assistente de Marketing com foco em Relacionamento para fortalecer a conex\u00e3o com clientes e parceiros estrat\u00e9gicos.<br \/>\nProcuramos um(a) profissional din\u00e2mico(a), comunicativo(a), com perfil comercial e vis\u00e3o anal\u00edtica, que tenha experi\u00eancia em relacionamento com clientes, vendas digitais e interface com fornecedores e administra\u00e7\u00e3o de shopping centers. Se voc\u00ea gosta de atuar pr\u00f3ximo \u00e0 opera\u00e7\u00e3o, gerar oportunidades de vendas e fortalecer parcerias estrat\u00e9gicas, essa oportunidade \u00e9 para voc\u00ea.<br \/>\nAtividades:<br \/>\n \u2022 Desenvolvimento e execu\u00e7\u00e3o de estrat\u00e9gias de relacionamento com clientes (CRM, campanhas de fideliza\u00e7\u00e3o e a\u00e7\u00f5es de engajamento);<br \/>\n \u2022 Apoio \u00e0s lojas na constru\u00e7\u00e3o de estrat\u00e9gias de venda digital e ativa\u00e7\u00e3o de canais como WhatsApp, redes sociais e plataformas de marketplace;<br \/>\n \u2022 Monitoramento de indicadores de performance comercial e digital;<br \/>\n \u2022 Interface com fornecedores para alinhamento de campanhas, materiais promocionais e a\u00e7\u00f5es comerciais;<br \/>\n \u2022 Relacionamento com administra\u00e7\u00e3o de shoppings e galerias para alinhamento de campanhas, eventos, contrapartidas e oportunidades comerciais;<br \/>\n \u2022 Acompanhamento de calend\u00e1rio promocional dos shoppings e identifica\u00e7\u00e3o de oportunidades de ativa\u00e7\u00e3o;<br \/>\n \u2022 Apoio na negocia\u00e7\u00e3o de espa\u00e7os promocionais e a\u00e7\u00f5es cooperadas;<br \/>\n \u2022 Cria\u00e7\u00e3o de relat\u00f3rios de resultados e acompanhamento de metas;<br \/>\n \u2022 Suporte \u00e0s lojas no planejamento de a\u00e7\u00f5es comerciais locais;<br \/>\n \u2022 Organiza\u00e7\u00e3o de cronogramas, demandas e fluxo de comunica\u00e7\u00e3o entre \u00e1reas internas e parceiros externos.<br \/>\nRequisitos:<br \/>\n \u2022 Ensino Superior completo ou em andamento em Marketing, Administra\u00e7\u00e3o, Comunica\u00e7\u00e3o, Gest\u00e3o Comercial ou \u00e1reas correlatas ser\u00e1 considerado um diferencial;<br \/>\n \u2022 Experi\u00eancia com relacionamento com cliente e estrat\u00e9gias de fideliza\u00e7\u00e3o;<br \/>\n \u2022 Viv\u00eancia com venda digital e suporte a canais online;<br \/>\n \u2022 Experi\u00eancia em interface com fornecedores e administra\u00e7\u00e3o de shoppings ou galerias comerciais;<br \/>\n \u2022 Perfil anal\u00edtico com facilidade para trabalhar com indicadores e metas;<br \/>\n \u2022 Boa comunica\u00e7\u00e3o verbal e escrita;<br \/>\n \u2022 Organiza\u00e7\u00e3o e capacidade de gerenciar m\u00faltiplas demandas simultaneamente;<br \/>\n \u2022 Viv\u00eancia no varejo ser\u00e1 considerado diferencial;<br \/>\n \u2022 Facilidade de acesso ao Centro do Rio de Janeiro;<br \/>\n \u2022 Disponibilidade para visitas \u00e0s lojas e eventuais viagens.<br \/>\nSe voc\u00ea busca atuar em um grupo estruturado, com forte presen\u00e7a no varejo e ambiente orientado a resultados, candidate-se e venha fazer parte da Sfera Multifranquias<\/p>\n<ul>\n<li>N\u00famero de vagas: 2<\/li>\n<li>Local de trabalho: Rio de Janeiro, RJ<\/li>\n<li>Regime de contrata\u00e7\u00e3o de tipo: Efetivo \u2013 CLT<\/li>\n<li>Jornada: Per\u00edodo Integral<\/li>\n<li>\u00c1rea e especializa\u00e7\u00e3o profissional: Marketing &#8211; Marketing<\/li>\n<li>N\u00edvel hier\u00e1rquico: Assistente<\/li>\n<\/ul>\n<p>HABILIDADES<\/p>\n<ul>\n<li>Capacidade de Trabalhar sob Press\u00e3o<\/li>\n<li>Orienta\u00e7\u00e3o \u00e0 Qualidade<\/li>\n<li>Comunica\u00e7\u00e3o Oral<\/li>\n<li>Orienta\u00e7\u00e3o ao Resultado<\/li>\n<li>Organiza\u00e7\u00e3o<\/li>\n<li>Criatividade e Inova\u00e7\u00e3o<\/li>\n<\/ul>\n<p>Escolaridade M\u00ednima: Ensino Superior<\/p>\n<ul>\n<li>Vale Transporte<\/li>\n<li>Vale Refei\u00e7\u00e3o<\/li>\n<li>Desconto nas marcas<\/li>\n<li>Assist\u00eancia m\u00e9dica \/ odontol\u00f3gica<\/li>\n<li>Total Pass<\/li>\n<li>Conv\u00eanio Faculdade<\/li>\n<li>Day Off<\/li>\n<li>Conv\u00eanio SESC<\/li>\n<\/ul>\n","protected":false},"excerpt":{"rendered":"<p>A Sfera Multifranquias, empresa com mais de 42 anos de atua\u00e7\u00e3o s\u00f3lida no varejo e em constante expans\u00e3o, est\u00e1 em busca de um(a) Assistente de Marketing com foco em Relacionamento para fortalecer a conex\u00e3o com clientes e parceiros estrat\u00e9gicos. Procuramos um(a) profissional din\u00e2mico(a), comunicativo(a), com perfil comercial e vis\u00e3o anal\u00edtica, que tenha experi\u00eancia em relacionamento [&hellip;]<\/p>\n","protected":false},"author":1,"featured_media":0,"comment_status":"open","ping_status":"open","sticky":false,"template":"","format":"standard","meta":{"footnotes":""},"categories":[21],"tags":[],"class_list":["post-3889","post","type-post","status-publish","format-standard","hentry","category-rio-de-janeiro-rj"],"_links":{"self":[{"href":"https:\/\/vagas.portalemprego.com.br\/index.php?rest_route=\/wp\/v2\/posts\/3889","targetHints":{"allow":["GET"]}}],"collection":[{"href":"https:\/\/vagas.portalemprego.com.br\/index.php?rest_route=\/wp\/v2\/posts"}],"about":[{"href":"https:\/\/vagas.portalemprego.com.br\/index.php?rest_route=\/wp\/v2\/types\/post"}],"author":[{"embeddable":true,"href":"https:\/\/vagas.portalemprego.com.br\/index.php?rest_route=\/wp\/v2\/users\/1"}],"replies":[{"embeddable":true,"href":"https:\/\/vagas.portalemprego.com.br\/index.php?rest_route=%2Fwp%2Fv2%2Fcomments&post=3889"}],"version-history":[{"count":0,"href":"https:\/\/vagas.portalemprego.com.br\/index.php?rest_route=\/wp\/v2\/posts\/3889\/revisions"}],"wp:attachment":[{"href":"https:\/\/vagas.portalemprego.com.br\/index.php?rest_route=%2Fwp%2Fv2%2Fmedia&parent=3889"}],"wp:term":[{"taxonomy":"category","embeddable":true,"href":"https:\/\/vagas.portalemprego.com.br\/index.php?rest_route=%2Fwp%2Fv2%2Fcategories&post=3889"},{"taxonomy":"post_tag","embeddable":true,"href":"https:\/\/vagas.portalemprego.com.br\/index.php?rest_route=%2Fwp%2Fv2%2Ftags&post=3889"}],"curies":[{"name":"wp","href":"https:\/\/api.w.org\/{rel}","templated":true}]}}