{"id":3893,"date":"2026-04-29T06:14:14","date_gmt":"2026-04-29T09:14:14","guid":{"rendered":"https:\/\/vagas.portalemprego.com.br\/?p=3893"},"modified":"2026-04-29T06:14:14","modified_gmt":"2026-04-29T09:14:14","slug":"assistente-de-marketing-centro-rj-marketing-rio-de-janeiro","status":"publish","type":"post","link":"https:\/\/vagas.portalemprego.com.br\/?p=3893","title":{"rendered":"Assistente de Marketing &#8211; Centro (RJ) &#8211; Marketing &#8211; Rio de Janeiro"},"content":{"rendered":"<p>A Sfera Multifranquias, empresa com mais de 42 anos de atua\u00e7\u00e3o s\u00f3lida no varejo e em constante expans\u00e3o, est\u00e1 em busca de um(a) Assistente de Marketing para integrar e fortalecer nosso time.<br \/>\nProcuramos um(a) profissional criativo(a), organizado(a), atento(a) aos detalhes e com olhar estrat\u00e9gico para comunica\u00e7\u00e3o digital, que goste de desafios e de atuar em um ambiente din\u00e2mico, colaborativo e orientado a resultados.<br \/>\nAtividades:<br \/>\n \u2022 Cria\u00e7\u00e3o de conte\u00fados visuais estrat\u00e9gicos para campanhas, a\u00e7\u00f5es comerciais e redes sociais;<br \/>\n \u2022 Adapta\u00e7\u00e3o de materiais para diferentes formatos digitais (feed, stories, reels, banners, entre outros);<br \/>\n \u2022 Extra\u00e7\u00e3o e organiza\u00e7\u00e3o de relat\u00f3rios de metas e resultados;<br \/>\n \u2022 Programa\u00e7\u00e3o e publica\u00e7\u00e3o de conte\u00fados nas redes sociais (incluindo plataforma Meta);<br \/>\n \u2022 Apoio no planejamento e organiza\u00e7\u00e3o do calend\u00e1rio editorial;<br \/>\n \u2022 Negocia\u00e7\u00e3o e contato com fornecedores;<br \/>\n \u2022 Atua\u00e7\u00e3o com m\u00eddias digitais e impressas;<br \/>\n \u2022 Suporte \u00e0s rotinas administrativas do setor de marketing;<br \/>\n \u2022 Apoio na execu\u00e7\u00e3o de campanhas sazonais do varejo;<br \/>\n \u2022 Utiliza\u00e7\u00e3o de ferramentas de Intelig\u00eancia Artificial para otimiza\u00e7\u00e3o e cria\u00e7\u00e3o de conte\u00fados.<br \/>\nRequisitos:<br \/>\n \u2022 Ensino Superior completo ou em andamento em Marketing, Publicidade e Propaganda, Comunica\u00e7\u00e3o, Design ou \u00e1reas correlatas ser\u00e1 considerado diferencial;<br \/>\n \u2022 Experi\u00eancia pr\u00e1tica com edi\u00e7\u00e3o de fotos e v\u00eddeos;<br \/>\n \u2022 Conhecimento em ferramentas como Adobe (Photoshop, Premiere ou similares), Canva e CapCut;<br \/>\n \u2022 Conhecimento b\u00e1sico em m\u00e9tricas digitais e acompanhamento de resultados em plataformas como Meta;<br \/>\n \u2022 Facilidade de acesso ao Centro do Rio de Janeiro;<br \/>\n \u2022 Viv\u00eancia no varejo ser\u00e1 considerada diferencial;<br \/>\n \u2022 Disponibilidade para viagens.<br \/>\nSe voc\u00ea busca uma oportunidade em um grupo s\u00f3lido, estruturado e com espa\u00e7o real para crescimento profissional, candidate-se e venha fazer parte da Sfera Multifranquias.<\/p>\n<ul>\n<li>N\u00famero de vagas: 2<\/li>\n<li>Local de trabalho: Rio de Janeiro, RJ<\/li>\n<li>Regime de contrata\u00e7\u00e3o de tipo: Efetivo \u2013 CLT<\/li>\n<li>Jornada: Per\u00edodo Integral<\/li>\n<li>\u00c1rea e especializa\u00e7\u00e3o profissional: Marketing &#8211; Marketing<\/li>\n<li>N\u00edvel hier\u00e1rquico: Assistente<\/li>\n<\/ul>\n<p>HABILIDADES<\/p>\n<ul>\n<li>Capacidade de Trabalhar sob Press\u00e3o<\/li>\n<li>Orienta\u00e7\u00e3o \u00e0 Qualidade<\/li>\n<li>Comunica\u00e7\u00e3o Oral<\/li>\n<li>Orienta\u00e7\u00e3o ao Resultado<\/li>\n<li>Organiza\u00e7\u00e3o<\/li>\n<li>Criatividade e Inova\u00e7\u00e3o<\/li>\n<\/ul>\n<p>Escolaridade M\u00ednima: Ensino Superior<\/p>\n<ul>\n<li>Vale Transporte<\/li>\n<li>Vale Refei\u00e7\u00e3o<\/li>\n<li>Desconto nas marcas<\/li>\n<li>Assist\u00eancia m\u00e9dica \/ odontol\u00f3gica<\/li>\n<li>Total Pass<\/li>\n<li>Conv\u00eanio Faculdade<\/li>\n<li>Day Off<\/li>\n<li>Conv\u00eanio SESC<\/li>\n<\/ul>\n","protected":false},"excerpt":{"rendered":"<p>A Sfera Multifranquias, empresa com mais de 42 anos de atua\u00e7\u00e3o s\u00f3lida no varejo e em constante expans\u00e3o, est\u00e1 em busca de um(a) Assistente de Marketing para integrar e fortalecer nosso time. Procuramos um(a) profissional criativo(a), organizado(a), atento(a) aos detalhes e com olhar estrat\u00e9gico para comunica\u00e7\u00e3o digital, que goste de desafios e de atuar em [&hellip;]<\/p>\n","protected":false},"author":1,"featured_media":0,"comment_status":"open","ping_status":"open","sticky":false,"template":"","format":"standard","meta":{"footnotes":""},"categories":[21],"tags":[],"class_list":["post-3893","post","type-post","status-publish","format-standard","hentry","category-rio-de-janeiro-rj"],"_links":{"self":[{"href":"https:\/\/vagas.portalemprego.com.br\/index.php?rest_route=\/wp\/v2\/posts\/3893","targetHints":{"allow":["GET"]}}],"collection":[{"href":"https:\/\/vagas.portalemprego.com.br\/index.php?rest_route=\/wp\/v2\/posts"}],"about":[{"href":"https:\/\/vagas.portalemprego.com.br\/index.php?rest_route=\/wp\/v2\/types\/post"}],"author":[{"embeddable":true,"href":"https:\/\/vagas.portalemprego.com.br\/index.php?rest_route=\/wp\/v2\/users\/1"}],"replies":[{"embeddable":true,"href":"https:\/\/vagas.portalemprego.com.br\/index.php?rest_route=%2Fwp%2Fv2%2Fcomments&post=3893"}],"version-history":[{"count":0,"href":"https:\/\/vagas.portalemprego.com.br\/index.php?rest_route=\/wp\/v2\/posts\/3893\/revisions"}],"wp:attachment":[{"href":"https:\/\/vagas.portalemprego.com.br\/index.php?rest_route=%2Fwp%2Fv2%2Fmedia&parent=3893"}],"wp:term":[{"taxonomy":"category","embeddable":true,"href":"https:\/\/vagas.portalemprego.com.br\/index.php?rest_route=%2Fwp%2Fv2%2Fcategories&post=3893"},{"taxonomy":"post_tag","embeddable":true,"href":"https:\/\/vagas.portalemprego.com.br\/index.php?rest_route=%2Fwp%2Fv2%2Ftags&post=3893"}],"curies":[{"name":"wp","href":"https:\/\/api.w.org\/{rel}","templated":true}]}}