{"id":3900,"date":"2026-04-29T06:15:15","date_gmt":"2026-04-29T09:15:15","guid":{"rendered":"https:\/\/vagas.portalemprego.com.br\/?p=3900"},"modified":"2026-04-29T06:15:15","modified_gmt":"2026-04-29T09:15:15","slug":"ajudante-de-carga-e-descarga-logistica-rio-de-janeiro-2","status":"publish","type":"post","link":"https:\/\/vagas.portalemprego.com.br\/?p=3900","title":{"rendered":"Ajudante de Carga e Descarga &#8211; Log\u00edstica &#8211; Rio de Janeiro"},"content":{"rendered":"<p>O Ajudante de Carga e Descarga \u00e9 respons\u00e1vel por apoiar nas atividades operacionais de movimenta\u00e7\u00e3o de mercadorias, garantindo o correto manuseio, organiza\u00e7\u00e3o e integridade dos produtos durante o processo log\u00edstico. Suas principais atribui\u00e7\u00f5es incluem:<\/p>\n<p>Carga e descarga de caminh\u00f5es: Realiza o carregamento e descarregamento de produtos dos ve\u00edculos de transporte, seguindo os procedimentos de seguran\u00e7a e orienta\u00e7\u00f5es da lideran\u00e7a.<\/p>\n<p>Utiliza\u00e7\u00e3o de paleteira manual hidr\u00e1ulica: Opera paleteira manual para movimentar volumes dentro do armaz\u00e9m ou \u00e1rea de recebimento\/expedi\u00e7\u00e3o, prezando pela organiza\u00e7\u00e3o e seguran\u00e7a no ambiente de trabalho.<\/p>\n<p>Aplica\u00e7\u00e3o de filme stretch: Aplica filme stretch para proteger e estabilizar os paletes, garantindo a integridade dos produtos durante o transporte e armazenamento.<\/p>\n<p>Padroniza\u00e7\u00e3o dos produtos: Auxilia na organiza\u00e7\u00e3o e padroniza\u00e7\u00e3o das mercadorias conforme crit\u00e9rios definidos pela empresa, contribuindo para um armazenamento eficiente e identifica\u00e7\u00e3o facilitada dos itens.<\/p>\n<p>O profissional deve atuar com aten\u00e7\u00e3o, agilidade, responsabilidade e esp\u00edrito de equipe, colaborando para o bom funcionamento da opera\u00e7\u00e3o log\u00edstica da empresa.<\/p>\n<ul>\n<li>Local de trabalho: Rio de Janeiro, RJ<\/li>\n<li>Regime de contrata\u00e7\u00e3o de tipo: Efetivo \u2013 CLT<\/li>\n<li>Jornada: Per\u00edodo Integral<\/li>\n<li>\u00c1rea e especializa\u00e7\u00e3o profissional: Log\u00edstica &#8211; Distribui\u00e7\u00e3o, Recebimento e Expedi\u00e7\u00e3o<\/li>\n<li>N\u00edvel hier\u00e1rquico: Operacional<\/li>\n<\/ul>\n<p>HABILIDADES<\/p>\n<ul>\n<li>esp\u00edrito de equipe<\/li>\n<li>responsabilidade<\/li>\n<li>aten\u00e7\u00e3o<\/li>\n<li>agilidade<\/li>\n<\/ul>\n<p>Escolaridade M\u00ednima: Ensino Fundamental (1\u00ba grau)<\/p>\n<ul>\n<li>Totalpass e Clude sa\u00fade<\/li>\n<li>Seguro de vida<\/li>\n<li>Restaurante do local<\/li>\n<li>Conv\u00eanio odontol\u00f3gico ap\u00f3s experi\u00eancia<\/li>\n<li>Conv\u00eanio farm\u00e1cia<\/li>\n<li>Bonifica\u00e7\u00e3o R$ 150,00<\/li>\n<li>Vale transporte<\/li>\n<\/ul>\n<p>Sal\u00e1rio: 1735,58<\/p>\n","protected":false},"excerpt":{"rendered":"<p>O Ajudante de Carga e Descarga \u00e9 respons\u00e1vel por apoiar nas atividades operacionais de movimenta\u00e7\u00e3o de mercadorias, garantindo o correto manuseio, organiza\u00e7\u00e3o e integridade dos produtos durante o processo log\u00edstico. Suas principais atribui\u00e7\u00f5es incluem: Carga e descarga de caminh\u00f5es: Realiza o carregamento e descarregamento de produtos dos ve\u00edculos de transporte, seguindo os procedimentos de seguran\u00e7a [&hellip;]<\/p>\n","protected":false},"author":1,"featured_media":0,"comment_status":"open","ping_status":"open","sticky":false,"template":"","format":"standard","meta":{"footnotes":""},"categories":[21],"tags":[],"class_list":["post-3900","post","type-post","status-publish","format-standard","hentry","category-rio-de-janeiro-rj"],"_links":{"self":[{"href":"https:\/\/vagas.portalemprego.com.br\/index.php?rest_route=\/wp\/v2\/posts\/3900","targetHints":{"allow":["GET"]}}],"collection":[{"href":"https:\/\/vagas.portalemprego.com.br\/index.php?rest_route=\/wp\/v2\/posts"}],"about":[{"href":"https:\/\/vagas.portalemprego.com.br\/index.php?rest_route=\/wp\/v2\/types\/post"}],"author":[{"embeddable":true,"href":"https:\/\/vagas.portalemprego.com.br\/index.php?rest_route=\/wp\/v2\/users\/1"}],"replies":[{"embeddable":true,"href":"https:\/\/vagas.portalemprego.com.br\/index.php?rest_route=%2Fwp%2Fv2%2Fcomments&post=3900"}],"version-history":[{"count":0,"href":"https:\/\/vagas.portalemprego.com.br\/index.php?rest_route=\/wp\/v2\/posts\/3900\/revisions"}],"wp:attachment":[{"href":"https:\/\/vagas.portalemprego.com.br\/index.php?rest_route=%2Fwp%2Fv2%2Fmedia&parent=3900"}],"wp:term":[{"taxonomy":"category","embeddable":true,"href":"https:\/\/vagas.portalemprego.com.br\/index.php?rest_route=%2Fwp%2Fv2%2Fcategories&post=3900"},{"taxonomy":"post_tag","embeddable":true,"href":"https:\/\/vagas.portalemprego.com.br\/index.php?rest_route=%2Fwp%2Fv2%2Ftags&post=3900"}],"curies":[{"name":"wp","href":"https:\/\/api.w.org\/{rel}","templated":true}]}}