{"id":3901,"date":"2026-04-29T06:15:15","date_gmt":"2026-04-29T09:15:15","guid":{"rendered":"https:\/\/vagas.portalemprego.com.br\/?p=3901"},"modified":"2026-04-29T06:15:15","modified_gmt":"2026-04-29T09:15:15","slug":"empregada-domestica-servicos-gerais-rio-de-janeiro-3","status":"publish","type":"post","link":"https:\/\/vagas.portalemprego.com.br\/?p=3901","title":{"rendered":"Empregada Dom\u00e9stica &#8211; Servi\u00e7os Gerais &#8211; Rio de Janeiro"},"content":{"rendered":"<p>ATIVIDADES:<br \/>\nLimpeza geral da casa<br \/>\nLimpeza de vidros<br \/>\nPreparar refei\u00e7\u00f5es<br \/>\nPassar roupa apenas quando necess\u00e1rio<\/p>\n<p>PERFIL DESEJADO:<br \/>\nPessoa organizada<br \/>\nRespons\u00e1vel e caprichosa<\/p>\n<p>HOR\u00c1RIO:<br \/>\nSegunda a Sexta-Feira, das 8h \u00e0s 17h.<\/p>\n<ul>\n<li>Local de trabalho: Rio de Janeiro, RJ<\/li>\n<li>Regime de contrata\u00e7\u00e3o de tipo: Efetivo \u2013 CLT<\/li>\n<li>Jornada: Per\u00edodo Integral<\/li>\n<li>\u00c1rea e especializa\u00e7\u00e3o profissional: Servi\u00e7os Gerais &#8211; Limpeza Dom\u00e9stica<\/li>\n<li>N\u00edvel hier\u00e1rquico: Operacional<\/li>\n<\/ul>\n<p>VALORIZADO<\/p>\n<p>Tempo de experi\u00eancia: Entre 1 e 3 anos<\/p>\n<p>HABILIDADES<\/p>\n<ul>\n<li>Organizada<\/li>\n<li>Caprichosa<\/li>\n<li>Pontual<\/li>\n<li>Eficiente<\/li>\n<\/ul>\n<p>Escolaridade M\u00ednima: Ensino Fundamental (1\u00ba grau)<\/p>\n<ul>\n<li>Vale transporte<\/li>\n<li>Alimenta\u00e7\u00e3o no local<\/li>\n<\/ul>\n<p>Sal\u00e1rio: 2500,0<\/p>\n","protected":false},"excerpt":{"rendered":"<p>ATIVIDADES: Limpeza geral da casa Limpeza de vidros Preparar refei\u00e7\u00f5es Passar roupa apenas quando necess\u00e1rio PERFIL DESEJADO: Pessoa organizada Respons\u00e1vel e caprichosa HOR\u00c1RIO: Segunda a Sexta-Feira, das 8h \u00e0s 17h. Local de trabalho: Rio de Janeiro, RJ Regime de contrata\u00e7\u00e3o de tipo: Efetivo \u2013 CLT Jornada: Per\u00edodo Integral \u00c1rea e especializa\u00e7\u00e3o profissional: Servi\u00e7os Gerais &#8211; [&hellip;]<\/p>\n","protected":false},"author":1,"featured_media":0,"comment_status":"open","ping_status":"open","sticky":false,"template":"","format":"standard","meta":{"footnotes":""},"categories":[21],"tags":[],"class_list":["post-3901","post","type-post","status-publish","format-standard","hentry","category-rio-de-janeiro-rj"],"_links":{"self":[{"href":"https:\/\/vagas.portalemprego.com.br\/index.php?rest_route=\/wp\/v2\/posts\/3901","targetHints":{"allow":["GET"]}}],"collection":[{"href":"https:\/\/vagas.portalemprego.com.br\/index.php?rest_route=\/wp\/v2\/posts"}],"about":[{"href":"https:\/\/vagas.portalemprego.com.br\/index.php?rest_route=\/wp\/v2\/types\/post"}],"author":[{"embeddable":true,"href":"https:\/\/vagas.portalemprego.com.br\/index.php?rest_route=\/wp\/v2\/users\/1"}],"replies":[{"embeddable":true,"href":"https:\/\/vagas.portalemprego.com.br\/index.php?rest_route=%2Fwp%2Fv2%2Fcomments&post=3901"}],"version-history":[{"count":0,"href":"https:\/\/vagas.portalemprego.com.br\/index.php?rest_route=\/wp\/v2\/posts\/3901\/revisions"}],"wp:attachment":[{"href":"https:\/\/vagas.portalemprego.com.br\/index.php?rest_route=%2Fwp%2Fv2%2Fmedia&parent=3901"}],"wp:term":[{"taxonomy":"category","embeddable":true,"href":"https:\/\/vagas.portalemprego.com.br\/index.php?rest_route=%2Fwp%2Fv2%2Fcategories&post=3901"},{"taxonomy":"post_tag","embeddable":true,"href":"https:\/\/vagas.portalemprego.com.br\/index.php?rest_route=%2Fwp%2Fv2%2Ftags&post=3901"}],"curies":[{"name":"wp","href":"https:\/\/api.w.org\/{rel}","templated":true}]}}