{"id":3902,"date":"2026-04-29T06:15:15","date_gmt":"2026-04-29T09:15:15","guid":{"rendered":"https:\/\/vagas.portalemprego.com.br\/?p=3902"},"modified":"2026-04-29T06:15:15","modified_gmt":"2026-04-29T09:15:15","slug":"coordenador-de-gente-e-seguranca-logistica-rio-de-janeiro","status":"publish","type":"post","link":"https:\/\/vagas.portalemprego.com.br\/?p=3902","title":{"rendered":"Coordenador de Gente e Seguran\u00e7a &#8211; Log\u00edstica &#8211; Rio de Janeiro"},"content":{"rendered":"<p>Miss\u00e3o do Cargo<br \/>\nPlanejar, coordenar e executar as atividades de Gente &amp; Gest\u00e3o e Seguran\u00e7a do Trabalho na unidade, garantindo a integridade f\u00edsica dos colaboradores, o cumprimento da legisla\u00e7\u00e3o vigente, a aplica\u00e7\u00e3o dos padr\u00f5es corporativos e o atingimento das metas operacionais, promovendo um ambiente seguro, produtivo e alinhado \u00e0s diretrizes da empresa e do cliente.<\/p>\n<p>Principais Responsabilidades<br \/>\nCoordenar as atividades de Seguran\u00e7a do Trabalho e de Gente &amp; Gest\u00e3o na unidade.<br \/>\nGarantir o cumprimento da legisla\u00e7\u00e3o trabalhista e de seguran\u00e7a, bem como dos padr\u00f5es corporativos e do cliente.<br \/>\nMonitorar e executar os Programas de Medicina e Sa\u00fade Ocupacional.<br \/>\nElaborar, implementar e divulgar normas, regulamentos e procedimentos internos.<br \/>\nControlar e acompanhar a instala\u00e7\u00e3o e utiliza\u00e7\u00e3o adequada de equipamentos de seguran\u00e7a e EPIs.<br \/>\nAcompanhar per\u00edcias t\u00e9cnicas, levantamentos de risco e implementar medidas corretivas.<br \/>\nOrientar e acompanhar o funcionamento da CIPA.<br \/>\nMinistrar treinamentos, palestras e a\u00e7\u00f5es de capacita\u00e7\u00e3o voltadas \u00e0 seguran\u00e7a e desenvolvimento da equipe.<br \/>\nGerir, motivar e desenvolver a equipe, realizando as rotinas de Ciclo de Gente (admiss\u00e3o, integra\u00e7\u00e3o, acompanhamento, feedback, desenvolvimento, engajamento e seguran\u00e7a).<br \/>\nAcompanhar indicadores de desempenho da \u00e1rea (seguran\u00e7a, gente e administrativos), garantindo o atingimento das metas.<br \/>\nDesenvolver e implementar planos de a\u00e7\u00e3o e projetos de melhoria cont\u00ednua.<br \/>\nGarantir a correta utiliza\u00e7\u00e3o das ferramentas de gest\u00e3o e sistemas operacionais da unidade.<br \/>\nAdministrar receitas e custos relacionados \u00e0 gest\u00e3o administrativa e de seguran\u00e7a.<br \/>\nGerir documenta\u00e7\u00e3o e assegurar conformidade nos registros legais e internos.<br \/>\nAtuar preventivamente na conten\u00e7\u00e3o de passivos trabalhistas em parceria com a \u00e1rea jur\u00eddica.<br \/>\nManter relacionamento com clientes, fornecedores e demais \u00e1reas internas, atuando como consultor interno nos temas de Gente &amp; Seguran\u00e7a.<br \/>\nZelar pela conserva\u00e7\u00e3o do patrim\u00f4nio da empresa (ve\u00edculos, equipamentos, recursos e instala\u00e7\u00f5es).<br \/>\nCumprir rigorosamente procedimentos, normas e especifica\u00e7\u00f5es da empresa e do cliente.<br \/>\nComprometer-se com as metas definidas junto ao cliente, DPO\/VPO e Programa de Excel\u00eancia.<br \/>\nExecutar atividades correlatas conforme demanda da gest\u00e3o.<\/p>\n<ul>\n<li>Local de trabalho: Rio de Janeiro, RJ<\/li>\n<li>Regime de contrata\u00e7\u00e3o de tipo: Efetivo \u2013 CLT<\/li>\n<li>Jornada: Per\u00edodo Integral<\/li>\n<li>\u00c1rea e especializa\u00e7\u00e3o profissional: Log\u00edstica &#8211; Distribui\u00e7\u00e3o, Recebimento e Expedi\u00e7\u00e3o<\/li>\n<li>N\u00edvel hier\u00e1rquico: Coordenador<\/li>\n<\/ul>\n<p>VALORIZADO<\/p>\n<p>Tempo de experi\u00eancia: Entre 1 e 3 anos<\/p>\n<p>HABILIDADES<\/p>\n<ul>\n<li>Microsoft Excel<\/li>\n<\/ul>\n<p>Escolaridade M\u00ednima: Ensino Superior<\/p>\n<p>Habilita\u00e7\u00e3o para dirigir: B<\/p>\n<ul>\n<li>Vale-transporte<\/li>\n<li>Refei\u00e7\u00e3o no local<\/li>\n<li>Cesta b\u00e1sica<\/li>\n<li>Assist\u00eancia m\u00e9dica<\/li>\n<\/ul>\n<p>Sal\u00e1rio: 8500,0<\/p>\n","protected":false},"excerpt":{"rendered":"<p>Miss\u00e3o do Cargo Planejar, coordenar e executar as atividades de Gente &amp; Gest\u00e3o e Seguran\u00e7a do Trabalho na unidade, garantindo a integridade f\u00edsica dos colaboradores, o cumprimento da legisla\u00e7\u00e3o vigente, a aplica\u00e7\u00e3o dos padr\u00f5es corporativos e o atingimento das metas operacionais, promovendo um ambiente seguro, produtivo e alinhado \u00e0s diretrizes da empresa e do cliente. [&hellip;]<\/p>\n","protected":false},"author":1,"featured_media":0,"comment_status":"open","ping_status":"open","sticky":false,"template":"","format":"standard","meta":{"footnotes":""},"categories":[21],"tags":[],"class_list":["post-3902","post","type-post","status-publish","format-standard","hentry","category-rio-de-janeiro-rj"],"_links":{"self":[{"href":"https:\/\/vagas.portalemprego.com.br\/index.php?rest_route=\/wp\/v2\/posts\/3902","targetHints":{"allow":["GET"]}}],"collection":[{"href":"https:\/\/vagas.portalemprego.com.br\/index.php?rest_route=\/wp\/v2\/posts"}],"about":[{"href":"https:\/\/vagas.portalemprego.com.br\/index.php?rest_route=\/wp\/v2\/types\/post"}],"author":[{"embeddable":true,"href":"https:\/\/vagas.portalemprego.com.br\/index.php?rest_route=\/wp\/v2\/users\/1"}],"replies":[{"embeddable":true,"href":"https:\/\/vagas.portalemprego.com.br\/index.php?rest_route=%2Fwp%2Fv2%2Fcomments&post=3902"}],"version-history":[{"count":0,"href":"https:\/\/vagas.portalemprego.com.br\/index.php?rest_route=\/wp\/v2\/posts\/3902\/revisions"}],"wp:attachment":[{"href":"https:\/\/vagas.portalemprego.com.br\/index.php?rest_route=%2Fwp%2Fv2%2Fmedia&parent=3902"}],"wp:term":[{"taxonomy":"category","embeddable":true,"href":"https:\/\/vagas.portalemprego.com.br\/index.php?rest_route=%2Fwp%2Fv2%2Fcategories&post=3902"},{"taxonomy":"post_tag","embeddable":true,"href":"https:\/\/vagas.portalemprego.com.br\/index.php?rest_route=%2Fwp%2Fv2%2Ftags&post=3902"}],"curies":[{"name":"wp","href":"https:\/\/api.w.org\/{rel}","templated":true}]}}