{"id":3904,"date":"2026-04-29T06:15:15","date_gmt":"2026-04-29T09:15:15","guid":{"rendered":"https:\/\/vagas.portalemprego.com.br\/?p=3904"},"modified":"2026-04-29T06:15:15","modified_gmt":"2026-04-29T09:15:15","slug":"auxiliar-de-loja-vaga-afirmativa-para-pessoas-com-deficiencia-pcd-shopping-rio-sul-comercial-vendas-rio-de-janeiro","status":"publish","type":"post","link":"https:\/\/vagas.portalemprego.com.br\/?p=3904","title":{"rendered":"Auxiliar de Loja &#8211; Vaga  Afirmativa para Pessoas com Defici\u00eancia (PcD) Shopping Rio Sul &#8211; Comercial, Vendas &#8211; Rio de Janeiro"},"content":{"rendered":"<p>A Fast Shop est\u00e1 em expans\u00e3o e busca profissionais dedicados, comunicativos e com vontade de crescer para integrar nosso time como Auxiliar de Loja.<\/p>\n<p>O que voc\u00ea far\u00e1:<br \/>\nRespons\u00e1vel por realizar o primeiro atendimento ao cliente na loja, garantindo uma recep\u00e7\u00e3o acolhedora, \u00e1gil e alinhada ao padr\u00e3o de excel\u00eancia da marca, al\u00e9m de executar as atividades operacionais do dia a dia (organiza\u00e7\u00e3o do ambiente, abastecimento de produtos, apoio aos processos de venda e p\u00f3s-venda), assegurando a melhor experi\u00eancia do cliente e o pleno funcionamento da opera\u00e7\u00e3o da loja.<\/p>\n<p>Qualifica\u00e7\u00f5es:<br \/>\nN\u00e3o \u00e9 necess\u00e1rio ter experi\u00eancia! Aqui, voc\u00ea contar\u00e1 com um treinamento completo para se desenvolver e aprender tudo o que precisa.<br \/>\nIdade m\u00ednima 18 anos.<br \/>\nEnsino fundamental completo.<br \/>\nDisponibilidade para escala 5&#215;2 (segunda a sexta), com hor\u00e1rios flex\u00edveis, para atuar em jornada de 6 horas di\u00e1rias.<\/p>\n<p>O que oferecemos:<br \/>\nSal\u00e1rio competitivo + benef\u00edcios (VR, VT, Assist\u00eancia M\u00e9dica e Odontol\u00f3gica, Seguro de Vida, Conv\u00eanio Farm\u00e1cia, Wellhub, programas de sa\u00fade e bem-estar).<br \/>\nTreinamentos e oportunidades reais de crescimento.<\/p>\n<p>Venha fazer parte de uma empresa que valoriza pessoas, aprendizado e desenvolvimento cont\u00ednuo!<\/p>\n<ul>\n<li>Local de trabalho: Rio de Janeiro, RJ<\/li>\n<li>Regime de contrata\u00e7\u00e3o de tipo: Efetivo \u2013 CLT<\/li>\n<li>Jornada: Parcial tardes<\/li>\n<li>\u00c1rea e especializa\u00e7\u00e3o profissional: Comercial, Vendas &#8211; Lojas \/ Shopping<\/li>\n<li>N\u00edvel hier\u00e1rquico: Operacional<\/li>\n<\/ul>\n<p>Escolaridade M\u00ednima: Ensino Fundamental (1\u00ba grau)<\/p>\n<p>Sal\u00e1rio: 1400,0<\/p>\n","protected":false},"excerpt":{"rendered":"<p>A Fast Shop est\u00e1 em expans\u00e3o e busca profissionais dedicados, comunicativos e com vontade de crescer para integrar nosso time como Auxiliar de Loja. O que voc\u00ea far\u00e1: Respons\u00e1vel por realizar o primeiro atendimento ao cliente na loja, garantindo uma recep\u00e7\u00e3o acolhedora, \u00e1gil e alinhada ao padr\u00e3o de excel\u00eancia da marca, al\u00e9m de executar as [&hellip;]<\/p>\n","protected":false},"author":1,"featured_media":0,"comment_status":"open","ping_status":"open","sticky":false,"template":"","format":"standard","meta":{"footnotes":""},"categories":[21],"tags":[],"class_list":["post-3904","post","type-post","status-publish","format-standard","hentry","category-rio-de-janeiro-rj"],"_links":{"self":[{"href":"https:\/\/vagas.portalemprego.com.br\/index.php?rest_route=\/wp\/v2\/posts\/3904","targetHints":{"allow":["GET"]}}],"collection":[{"href":"https:\/\/vagas.portalemprego.com.br\/index.php?rest_route=\/wp\/v2\/posts"}],"about":[{"href":"https:\/\/vagas.portalemprego.com.br\/index.php?rest_route=\/wp\/v2\/types\/post"}],"author":[{"embeddable":true,"href":"https:\/\/vagas.portalemprego.com.br\/index.php?rest_route=\/wp\/v2\/users\/1"}],"replies":[{"embeddable":true,"href":"https:\/\/vagas.portalemprego.com.br\/index.php?rest_route=%2Fwp%2Fv2%2Fcomments&post=3904"}],"version-history":[{"count":0,"href":"https:\/\/vagas.portalemprego.com.br\/index.php?rest_route=\/wp\/v2\/posts\/3904\/revisions"}],"wp:attachment":[{"href":"https:\/\/vagas.portalemprego.com.br\/index.php?rest_route=%2Fwp%2Fv2%2Fmedia&parent=3904"}],"wp:term":[{"taxonomy":"category","embeddable":true,"href":"https:\/\/vagas.portalemprego.com.br\/index.php?rest_route=%2Fwp%2Fv2%2Fcategories&post=3904"},{"taxonomy":"post_tag","embeddable":true,"href":"https:\/\/vagas.portalemprego.com.br\/index.php?rest_route=%2Fwp%2Fv2%2Ftags&post=3904"}],"curies":[{"name":"wp","href":"https:\/\/api.w.org\/{rel}","templated":true}]}}