{"id":3912,"date":"2026-04-29T06:15:15","date_gmt":"2026-04-29T09:15:15","guid":{"rendered":"https:\/\/vagas.portalemprego.com.br\/?p=3912"},"modified":"2026-04-29T06:15:15","modified_gmt":"2026-04-29T09:15:15","slug":"programa-jovem-aprendiz-cabo-frio-rj-comercial-vendas-cabo-frio","status":"publish","type":"post","link":"https:\/\/vagas.portalemprego.com.br\/?p=3912","title":{"rendered":"Programa Jovem Aprendiz &#8211; Cabo Frio &#8211; RJ &#8211; Comercial, Vendas &#8211; Cabo Frio"},"content":{"rendered":"<p>VEM SER NATURAL DA TERRA!<\/p>\n<p>Somos o vizinho especialista em produtos frescos e naturais, com qualidade impec\u00e1vel e uma experi\u00eancia que faz o cliente se sentir em casa.<br \/>\nNossa alma \u00e9 de feirante: gostamos de conversar, sorrir e oferecer aquele conforto emocional das feiras livres da inf\u00e2ncia, com um atendimento pr\u00f3ximo, humano e cheio de alegria.<\/p>\n<p>Todos os dias acordamos com um \u00fanico objetivo: promover uma vida mais natural \u2013 em todos os sentidos.<br \/>\nSe voc\u00ea tamb\u00e9m acredita nesse prop\u00f3sito, vem com a gente!<\/p>\n<p>Se voc\u00ea busca sua primeira experi\u00eancia profissional e quer se desenvolver, aqui \u00e9 o seu lugar!<\/p>\n<p>No programa Jovem Aprendiz HNT, voc\u00ea ter\u00e1 oportunidade de ingressar no mercado de trabalho desenvolvendo suas compet\u00eancias e vivenciando experi\u00eancias incr\u00edveis!<\/p>\n<p>JOVEM APRENDIZ<br \/>\nCarga hor\u00e1ria: 6h por dia<br \/>\nContrata\u00e7\u00e3o CLT | Programa de Aprendizagem<\/p>\n<p>REQUISITOS:<br \/>\n\u2022 Jovens entre 18 e 22 anos (n\u00e3o existe limite de idade para pessoas com defici\u00eancia)<br \/>\n\u2022 Jovens cursando no per\u00edodo noturno ou que possuam o ensino m\u00e9dio completo<br \/>\n\u2022 Jovens que tenham disponibilidade para trabalhar 6h di\u00e1rias em uma de nossas unidades de neg\u00f3cio<br \/>\n\u2022 N\u00e3o precisa ter experi\u00eancia profissional<\/p>\n<p>O QUE VOC\u00ca VAI FAZER:<br \/>\n\u2022 Apoiar a equipe nas rotinas da loja<br \/>\n\u2022 Aprender sobre atendimento ao cliente, reposi\u00e7\u00e3o e organiza\u00e7\u00e3o de produtos<br \/>\n\u2022 Participar de treinamentos e atividades te\u00f3ricas do programa de aprendizagem<br \/>\n\u2022 Colocar em pr\u00e1tica o que aprender com responsabilidade e vontade de crescer<\/p>\n<p>O QUE VOC\u00ca VAI APRENDER COM A GENTE?<br \/>\n\u2022 Ser protagonista de sua carreira, desenvolvendo habilidades t\u00e9cnicas e comportamentais alinhadas com nossos valores<br \/>\n\u2022 Superar desafios identificando oportunidades de melhoria<\/p>\n<p>QUAIS S\u00c3O AS ETAPAS DO PROCESSO SELETIVO?<br \/>\n\u2022 Inscri\u00e7\u00e3o on-line<br \/>\n\u2022 Teste de racioc\u00ednio l\u00f3gico on-line<br \/>\n\u2022 Entrevista com o RH<br \/>\n\u2022 Entrevista com o Gestor<\/p>\n<p>INCLUS\u00c3O E DIVERSIDADE<br \/>\nTodas as nossas vagas s\u00e3o abertas para pessoas com defici\u00eancia.<br \/>\nValorizamos a diversidade e estamos de bra\u00e7os abertos para todos os talentos, independentemente de ra\u00e7a, cor, religi\u00e3o, identidade de g\u00eanero ou orienta\u00e7\u00e3o sexual.<\/p>\n<ul>\n<li>N\u00famero de vagas: 10<\/li>\n<li>Local de trabalho: Cabo Frio, RJ<\/li>\n<li>Regime de contrata\u00e7\u00e3o de tipo: Jovem Aprendiz<\/li>\n<li>Jornada: Per\u00edodo Integral<\/li>\n<li>\u00c1rea e especializa\u00e7\u00e3o profissional: Comercial, Vendas &#8211; Atendimento<\/li>\n<li>N\u00edvel hier\u00e1rquico: Operacional<\/li>\n<\/ul>\n<p>VALORIZADO<\/p>\n<p>Tempo de experi\u00eancia: Sem experi\u00eancia<\/p>\n<p>Escolaridade M\u00ednima: Ensino M\u00e9dio (2\u00ba Grau)<\/p>\n","protected":false},"excerpt":{"rendered":"<p>VEM SER NATURAL DA TERRA! Somos o vizinho especialista em produtos frescos e naturais, com qualidade impec\u00e1vel e uma experi\u00eancia que faz o cliente se sentir em casa. Nossa alma \u00e9 de feirante: gostamos de conversar, sorrir e oferecer aquele conforto emocional das feiras livres da inf\u00e2ncia, com um atendimento pr\u00f3ximo, humano e cheio de [&hellip;]<\/p>\n","protected":false},"author":1,"featured_media":0,"comment_status":"open","ping_status":"open","sticky":false,"template":"","format":"standard","meta":{"footnotes":""},"categories":[21],"tags":[],"class_list":["post-3912","post","type-post","status-publish","format-standard","hentry","category-rio-de-janeiro-rj"],"_links":{"self":[{"href":"https:\/\/vagas.portalemprego.com.br\/index.php?rest_route=\/wp\/v2\/posts\/3912","targetHints":{"allow":["GET"]}}],"collection":[{"href":"https:\/\/vagas.portalemprego.com.br\/index.php?rest_route=\/wp\/v2\/posts"}],"about":[{"href":"https:\/\/vagas.portalemprego.com.br\/index.php?rest_route=\/wp\/v2\/types\/post"}],"author":[{"embeddable":true,"href":"https:\/\/vagas.portalemprego.com.br\/index.php?rest_route=\/wp\/v2\/users\/1"}],"replies":[{"embeddable":true,"href":"https:\/\/vagas.portalemprego.com.br\/index.php?rest_route=%2Fwp%2Fv2%2Fcomments&post=3912"}],"version-history":[{"count":0,"href":"https:\/\/vagas.portalemprego.com.br\/index.php?rest_route=\/wp\/v2\/posts\/3912\/revisions"}],"wp:attachment":[{"href":"https:\/\/vagas.portalemprego.com.br\/index.php?rest_route=%2Fwp%2Fv2%2Fmedia&parent=3912"}],"wp:term":[{"taxonomy":"category","embeddable":true,"href":"https:\/\/vagas.portalemprego.com.br\/index.php?rest_route=%2Fwp%2Fv2%2Fcategories&post=3912"},{"taxonomy":"post_tag","embeddable":true,"href":"https:\/\/vagas.portalemprego.com.br\/index.php?rest_route=%2Fwp%2Fv2%2Ftags&post=3912"}],"curies":[{"name":"wp","href":"https:\/\/api.w.org\/{rel}","templated":true}]}}