{"id":3917,"date":"2026-04-29T06:15:15","date_gmt":"2026-04-29T09:15:15","guid":{"rendered":"https:\/\/vagas.portalemprego.com.br\/?p=3917"},"modified":"2026-04-29T06:15:15","modified_gmt":"2026-04-29T09:15:15","slug":"executivo-vendas-pj-comercial-vendas-rio-de-janeiro","status":"publish","type":"post","link":"https:\/\/vagas.portalemprego.com.br\/?p=3917","title":{"rendered":"Executivo vendas PJ &#8211; Comercial, Vendas &#8211; Rio de Janeiro"},"content":{"rendered":"<p>?? OPORTUNIDADE PARA GANHAR DINHEIRO DE VERDADE ??<\/p>\n<p>?? Voc\u00ea n\u00e3o prospecta clientes!<br \/>\nOs agendamentos s\u00e3o realizados pela empresa.<\/p>\n<p>Requisitos:<br \/>\n?? Ve\u00edculo pr\u00f3prio<br \/>\n?? Disponibilidade para viagens<br \/>\n? Disponibilidade de hor\u00e1rio<\/p>\n<p>O que oferecemos:<br \/>\n?? Remunera\u00e7\u00e3o acima da m\u00e9dia + comiss\u00e3o SEM TETO (potencial de ganhos agressivo)<br \/>\n?? R$ 1.500,00 de complemento de comiss\u00e3o<br \/>\n?? Aux\u00edlio combust\u00edvel + ped\u00e1gio<br \/>\n?? Hospedagem (quando necess\u00e1rio)<br \/>\n??? Gympass<\/p>\n<ul>\n<li>Local de trabalho: Rio de Janeiro, RJ<\/li>\n<li>Regime de contrata\u00e7\u00e3o de tipo: Aut\u00f4nomo<\/li>\n<li>Jornada: Per\u00edodo Integral<\/li>\n<li>\u00c1rea e especializa\u00e7\u00e3o profissional: Comercial, Vendas &#8211; Venda Externa<\/li>\n<li>N\u00edvel hier\u00e1rquico: Consultor<\/li>\n<\/ul>\n<p>VALORIZADO<\/p>\n<p>Tempo de experi\u00eancia: Entre 1 e 3 anos<\/p>\n<p>Escolaridade M\u00ednima: Ensino M\u00e9dio (2\u00ba Grau)<\/p>\n<p>Sal\u00e1rio: 10000,0<\/p>\n","protected":false},"excerpt":{"rendered":"<p>?? OPORTUNIDADE PARA GANHAR DINHEIRO DE VERDADE ?? ?? Voc\u00ea n\u00e3o prospecta clientes! Os agendamentos s\u00e3o realizados pela empresa. Requisitos: ?? Ve\u00edculo pr\u00f3prio ?? Disponibilidade para viagens ? Disponibilidade de hor\u00e1rio O que oferecemos: ?? Remunera\u00e7\u00e3o acima da m\u00e9dia + comiss\u00e3o SEM TETO (potencial de ganhos agressivo) ?? R$ 1.500,00 de complemento de comiss\u00e3o ?? [&hellip;]<\/p>\n","protected":false},"author":1,"featured_media":0,"comment_status":"open","ping_status":"open","sticky":false,"template":"","format":"standard","meta":{"footnotes":""},"categories":[21],"tags":[],"class_list":["post-3917","post","type-post","status-publish","format-standard","hentry","category-rio-de-janeiro-rj"],"_links":{"self":[{"href":"https:\/\/vagas.portalemprego.com.br\/index.php?rest_route=\/wp\/v2\/posts\/3917","targetHints":{"allow":["GET"]}}],"collection":[{"href":"https:\/\/vagas.portalemprego.com.br\/index.php?rest_route=\/wp\/v2\/posts"}],"about":[{"href":"https:\/\/vagas.portalemprego.com.br\/index.php?rest_route=\/wp\/v2\/types\/post"}],"author":[{"embeddable":true,"href":"https:\/\/vagas.portalemprego.com.br\/index.php?rest_route=\/wp\/v2\/users\/1"}],"replies":[{"embeddable":true,"href":"https:\/\/vagas.portalemprego.com.br\/index.php?rest_route=%2Fwp%2Fv2%2Fcomments&post=3917"}],"version-history":[{"count":0,"href":"https:\/\/vagas.portalemprego.com.br\/index.php?rest_route=\/wp\/v2\/posts\/3917\/revisions"}],"wp:attachment":[{"href":"https:\/\/vagas.portalemprego.com.br\/index.php?rest_route=%2Fwp%2Fv2%2Fmedia&parent=3917"}],"wp:term":[{"taxonomy":"category","embeddable":true,"href":"https:\/\/vagas.portalemprego.com.br\/index.php?rest_route=%2Fwp%2Fv2%2Fcategories&post=3917"},{"taxonomy":"post_tag","embeddable":true,"href":"https:\/\/vagas.portalemprego.com.br\/index.php?rest_route=%2Fwp%2Fv2%2Ftags&post=3917"}],"curies":[{"name":"wp","href":"https:\/\/api.w.org\/{rel}","templated":true}]}}