{"id":3918,"date":"2026-04-29T06:15:15","date_gmt":"2026-04-29T09:15:15","guid":{"rendered":"https:\/\/vagas.portalemprego.com.br\/?p=3918"},"modified":"2026-04-29T06:15:15","modified_gmt":"2026-04-29T09:15:15","slug":"programador-de-cargas-logistica-pinheiral","status":"publish","type":"post","link":"https:\/\/vagas.portalemprego.com.br\/?p=3918","title":{"rendered":"Programador de Cargas &#8211; Log\u00edstica &#8211; Pinheiral"},"content":{"rendered":"<p>O Grupo Seres, em parceria com empresa nacional do segmento industrial, seleciona profissional para atuar na fun\u00e7\u00e3o de Programador de Cargas.<br \/>\nAtividades:<br \/>\nEmiss\u00e3o de NF;<br \/>\nCT-e;<br \/>\nPrograma\u00e7\u00e3o de carga.<br \/>\nHor\u00e1rio de trabalho:<br \/>\nHor\u00e1rio: Turno rotativo \u2013 7h \u00e0s 15h,15h \u00e0s 23h, 23h \u00e0s 7h;<br \/>\nModelo: Presencial.<br \/>\nRequisitos Obrigat\u00f3rios:<br \/>\nEnsino M\u00e9dio completo;<br \/>\nExperi\u00eancia em emiss\u00e3o de NF, CT-e e Programa\u00e7\u00e3o de Carga.<br \/>\nDesej\u00e1vel:<br \/>\nConhecimento em transporte e log\u00edstica.<br \/>\nLocal de trabalho:<br \/>\nPinheiral, Rio de Janeiro &#8211; Brasil<br \/>\nIncentivamos candidaturas PCD, popula\u00e7\u00e3o negra, mulheres, LGBTQIAPN+.<\/p>\n<ul>\n<li>Local de trabalho: Pinheiral, RJ<\/li>\n<li>Regime de contrata\u00e7\u00e3o de tipo: Tempor\u00e1rio<\/li>\n<li>Jornada: Per\u00edodo Integral<\/li>\n<li>\u00c1rea e especializa\u00e7\u00e3o profissional: Log\u00edstica &#8211; Transporte<\/li>\n<li>N\u00edvel hier\u00e1rquico: Assistente<\/li>\n<\/ul>\n<p>Escolaridade M\u00ednima: Ensino M\u00e9dio (2\u00ba Grau)<\/p>\n","protected":false},"excerpt":{"rendered":"<p>O Grupo Seres, em parceria com empresa nacional do segmento industrial, seleciona profissional para atuar na fun\u00e7\u00e3o de Programador de Cargas. Atividades: Emiss\u00e3o de NF; CT-e; Programa\u00e7\u00e3o de carga. Hor\u00e1rio de trabalho: Hor\u00e1rio: Turno rotativo \u2013 7h \u00e0s 15h,15h \u00e0s 23h, 23h \u00e0s 7h; Modelo: Presencial. Requisitos Obrigat\u00f3rios: Ensino M\u00e9dio completo; Experi\u00eancia em emiss\u00e3o de [&hellip;]<\/p>\n","protected":false},"author":1,"featured_media":0,"comment_status":"open","ping_status":"open","sticky":false,"template":"","format":"standard","meta":{"footnotes":""},"categories":[21],"tags":[],"class_list":["post-3918","post","type-post","status-publish","format-standard","hentry","category-rio-de-janeiro-rj"],"_links":{"self":[{"href":"https:\/\/vagas.portalemprego.com.br\/index.php?rest_route=\/wp\/v2\/posts\/3918","targetHints":{"allow":["GET"]}}],"collection":[{"href":"https:\/\/vagas.portalemprego.com.br\/index.php?rest_route=\/wp\/v2\/posts"}],"about":[{"href":"https:\/\/vagas.portalemprego.com.br\/index.php?rest_route=\/wp\/v2\/types\/post"}],"author":[{"embeddable":true,"href":"https:\/\/vagas.portalemprego.com.br\/index.php?rest_route=\/wp\/v2\/users\/1"}],"replies":[{"embeddable":true,"href":"https:\/\/vagas.portalemprego.com.br\/index.php?rest_route=%2Fwp%2Fv2%2Fcomments&post=3918"}],"version-history":[{"count":0,"href":"https:\/\/vagas.portalemprego.com.br\/index.php?rest_route=\/wp\/v2\/posts\/3918\/revisions"}],"wp:attachment":[{"href":"https:\/\/vagas.portalemprego.com.br\/index.php?rest_route=%2Fwp%2Fv2%2Fmedia&parent=3918"}],"wp:term":[{"taxonomy":"category","embeddable":true,"href":"https:\/\/vagas.portalemprego.com.br\/index.php?rest_route=%2Fwp%2Fv2%2Fcategories&post=3918"},{"taxonomy":"post_tag","embeddable":true,"href":"https:\/\/vagas.portalemprego.com.br\/index.php?rest_route=%2Fwp%2Fv2%2Ftags&post=3918"}],"curies":[{"name":"wp","href":"https:\/\/api.w.org\/{rel}","templated":true}]}}