{"id":3921,"date":"2026-04-29T06:15:15","date_gmt":"2026-04-29T09:15:15","guid":{"rendered":"https:\/\/vagas.portalemprego.com.br\/?p=3921"},"modified":"2026-04-29T06:15:15","modified_gmt":"2026-04-29T09:15:15","slug":"auxiliar-de-servicos-gerais-servicos-gerais-rio-de-janeiro-58","status":"publish","type":"post","link":"https:\/\/vagas.portalemprego.com.br\/?p=3921","title":{"rendered":"Auxiliar de Servi\u00e7os Gerais &#8211; Servi\u00e7os Gerais &#8211; Rio de Janeiro"},"content":{"rendered":"<p>Oportunidade: Estamos em busca de um Auxiliar de Servi\u00e7os Gerais para se juntar \u00e0 nossa equipe. A posi\u00e7\u00e3o \u00e9 essencial para manter a organiza\u00e7\u00e3o e o funcionamento di\u00e1rio do nosso escrit\u00f3rio.<br \/>\nFun\u00e7\u00f5es:<br \/>\nRealizar limpeza e organiza\u00e7\u00e3o do espa\u00e7o de trabalho<br \/>\nAuxiliar na manuten\u00e7\u00e3o de equipamentos e utens\u00edlios<br \/>\nColaborar com outras equipes em atividades de suporte<br \/>\nAcompanhar procedimentos de higiene e seguran\u00e7a<\/p>\n<p>Requisitos:<br \/>\nExperi\u00eancia em limpeza e organiza\u00e7\u00e3o<br \/>\nConhecimentos b\u00e1sicos de manuten\u00e7\u00e3o<br \/>\nCapacidade de trabalhar em equipe<br \/>\nAtitude proativa e aten\u00e7\u00e3o aos detalhes<\/p>\n<p>Benef\u00edcios:<br \/>\nAmbiente de trabalho colaborativo<br \/>\nOportunidade de crescimento profissional<br \/>\nHor\u00e1rio de trabalho regular e flex\u00edvel<br \/>\nAmbiente seguro e agrad\u00e1vel<\/p>\n<p>A posi\u00e7\u00e3o \u00e9 presencial e localizada na cidade de S\u00e3o Paulo. Se voc\u00ea tem interesse em contribuir para um ambiente eficiente e organizado, esta \u00e9 uma chance ideal para voc\u00ea.<\/p>\n<ul>\n<li>Local de trabalho: Rio de Janeiro, RJ<\/li>\n<li>Regime de contrata\u00e7\u00e3o de tipo: Efetivo \u2013 CLT<\/li>\n<li>Jornada: Per\u00edodo Integral<\/li>\n<li>\u00c1rea e especializa\u00e7\u00e3o profissional: Servi\u00e7os Gerais &#8211; Limpeza<\/li>\n<li>N\u00edvel hier\u00e1rquico: Auxiliar<\/li>\n<\/ul>\n<p>Escolaridade M\u00ednima: Ensino M\u00e9dio (2\u00ba Grau)<\/p>\n<p>Sal\u00e1rio: 2000,0<\/p>\n","protected":false},"excerpt":{"rendered":"<p>Oportunidade: Estamos em busca de um Auxiliar de Servi\u00e7os Gerais para se juntar \u00e0 nossa equipe. A posi\u00e7\u00e3o \u00e9 essencial para manter a organiza\u00e7\u00e3o e o funcionamento di\u00e1rio do nosso escrit\u00f3rio. Fun\u00e7\u00f5es: Realizar limpeza e organiza\u00e7\u00e3o do espa\u00e7o de trabalho Auxiliar na manuten\u00e7\u00e3o de equipamentos e utens\u00edlios Colaborar com outras equipes em atividades de suporte [&hellip;]<\/p>\n","protected":false},"author":1,"featured_media":0,"comment_status":"open","ping_status":"open","sticky":false,"template":"","format":"standard","meta":{"footnotes":""},"categories":[21],"tags":[],"class_list":["post-3921","post","type-post","status-publish","format-standard","hentry","category-rio-de-janeiro-rj"],"_links":{"self":[{"href":"https:\/\/vagas.portalemprego.com.br\/index.php?rest_route=\/wp\/v2\/posts\/3921","targetHints":{"allow":["GET"]}}],"collection":[{"href":"https:\/\/vagas.portalemprego.com.br\/index.php?rest_route=\/wp\/v2\/posts"}],"about":[{"href":"https:\/\/vagas.portalemprego.com.br\/index.php?rest_route=\/wp\/v2\/types\/post"}],"author":[{"embeddable":true,"href":"https:\/\/vagas.portalemprego.com.br\/index.php?rest_route=\/wp\/v2\/users\/1"}],"replies":[{"embeddable":true,"href":"https:\/\/vagas.portalemprego.com.br\/index.php?rest_route=%2Fwp%2Fv2%2Fcomments&post=3921"}],"version-history":[{"count":0,"href":"https:\/\/vagas.portalemprego.com.br\/index.php?rest_route=\/wp\/v2\/posts\/3921\/revisions"}],"wp:attachment":[{"href":"https:\/\/vagas.portalemprego.com.br\/index.php?rest_route=%2Fwp%2Fv2%2Fmedia&parent=3921"}],"wp:term":[{"taxonomy":"category","embeddable":true,"href":"https:\/\/vagas.portalemprego.com.br\/index.php?rest_route=%2Fwp%2Fv2%2Fcategories&post=3921"},{"taxonomy":"post_tag","embeddable":true,"href":"https:\/\/vagas.portalemprego.com.br\/index.php?rest_route=%2Fwp%2Fv2%2Ftags&post=3921"}],"curies":[{"name":"wp","href":"https:\/\/api.w.org\/{rel}","templated":true}]}}