{"id":3925,"date":"2026-04-29T06:16:16","date_gmt":"2026-04-29T09:16:16","guid":{"rendered":"https:\/\/vagas.portalemprego.com.br\/?p=3925"},"modified":"2026-04-29T06:16:16","modified_gmt":"2026-04-29T09:16:16","slug":"vendedor-de-pecas-automotivas-comercial-vendas-rio-de-janeiro","status":"publish","type":"post","link":"https:\/\/vagas.portalemprego.com.br\/?p=3925","title":{"rendered":"Vendedor de pe\u00e7as automotivas &#8211; Comercial, Vendas &#8211; Rio de Janeiro"},"content":{"rendered":"<p>Venda de servi\u00e7os mec\u00e2nicos (revis\u00f5es, suspens\u00e3o, freios, alinhamento, troca de \u00f3leo, entre outros)<br \/>\nAcompanhar abertura e fechamento de loja<br \/>\nElabora\u00e7\u00e3o e negocia\u00e7\u00e3o de or\u00e7amentos<br \/>\nAcompanhamento das ordens de servi\u00e7o do in\u00edcio ao fechamento<br \/>\nInterface entre cliente e equipe t\u00e9cnica<br \/>\nAtendimento ao cliente (telef\u00f4nico e presencial)<br \/>\nCadastro de clientes no sistema<br \/>\nVenda de acess\u00f3rios automotivos<\/p>\n<ul>\n<li>N\u00famero de vagas: 5<\/li>\n<li>Local de trabalho: Rio de Janeiro, RJ<\/li>\n<li>Regime de contrata\u00e7\u00e3o de tipo: Efetivo \u2013 CLT<\/li>\n<li>Jornada: Per\u00edodo Integral<\/li>\n<li>\u00c1rea e especializa\u00e7\u00e3o profissional: Comercial, Vendas &#8211; Venda Interna<\/li>\n<li>N\u00edvel hier\u00e1rquico: Trainee<\/li>\n<\/ul>\n<p>VALORIZADO<\/p>\n<p>Tempo de experi\u00eancia: Entre 1 e 3 anos<\/p>\n<p>HABILIDADES<\/p>\n<ul>\n<li>Excel B\u00e1sico<\/li>\n<li>Comunicativo(a)<\/li>\n<li>Empatia e Intelig\u00eancia Emocional<\/li>\n<li>Negocia\u00e7\u00e3o e Fechamento<\/li>\n<\/ul>\n<p>Escolaridade M\u00ednima: Ensino M\u00e9dio (2\u00ba Grau)<\/p>\n<p>Forma\u00e7\u00e3o desejada:<\/p>\n<ul>\n<li>Ensino M\u00e9dio (2\u00ba Grau)<\/li>\n<\/ul>\n<p>Habilita\u00e7\u00e3o para dirigir: B<\/p>\n<p>Sal\u00e1rio: 3700,0<\/p>\n","protected":false},"excerpt":{"rendered":"<p>Venda de servi\u00e7os mec\u00e2nicos (revis\u00f5es, suspens\u00e3o, freios, alinhamento, troca de \u00f3leo, entre outros) Acompanhar abertura e fechamento de loja Elabora\u00e7\u00e3o e negocia\u00e7\u00e3o de or\u00e7amentos Acompanhamento das ordens de servi\u00e7o do in\u00edcio ao fechamento Interface entre cliente e equipe t\u00e9cnica Atendimento ao cliente (telef\u00f4nico e presencial) Cadastro de clientes no sistema Venda de acess\u00f3rios automotivos N\u00famero [&hellip;]<\/p>\n","protected":false},"author":1,"featured_media":0,"comment_status":"open","ping_status":"open","sticky":false,"template":"","format":"standard","meta":{"footnotes":""},"categories":[21],"tags":[],"class_list":["post-3925","post","type-post","status-publish","format-standard","hentry","category-rio-de-janeiro-rj"],"_links":{"self":[{"href":"https:\/\/vagas.portalemprego.com.br\/index.php?rest_route=\/wp\/v2\/posts\/3925","targetHints":{"allow":["GET"]}}],"collection":[{"href":"https:\/\/vagas.portalemprego.com.br\/index.php?rest_route=\/wp\/v2\/posts"}],"about":[{"href":"https:\/\/vagas.portalemprego.com.br\/index.php?rest_route=\/wp\/v2\/types\/post"}],"author":[{"embeddable":true,"href":"https:\/\/vagas.portalemprego.com.br\/index.php?rest_route=\/wp\/v2\/users\/1"}],"replies":[{"embeddable":true,"href":"https:\/\/vagas.portalemprego.com.br\/index.php?rest_route=%2Fwp%2Fv2%2Fcomments&post=3925"}],"version-history":[{"count":0,"href":"https:\/\/vagas.portalemprego.com.br\/index.php?rest_route=\/wp\/v2\/posts\/3925\/revisions"}],"wp:attachment":[{"href":"https:\/\/vagas.portalemprego.com.br\/index.php?rest_route=%2Fwp%2Fv2%2Fmedia&parent=3925"}],"wp:term":[{"taxonomy":"category","embeddable":true,"href":"https:\/\/vagas.portalemprego.com.br\/index.php?rest_route=%2Fwp%2Fv2%2Fcategories&post=3925"},{"taxonomy":"post_tag","embeddable":true,"href":"https:\/\/vagas.portalemprego.com.br\/index.php?rest_route=%2Fwp%2Fv2%2Ftags&post=3925"}],"curies":[{"name":"wp","href":"https:\/\/api.w.org\/{rel}","templated":true}]}}