{"id":3928,"date":"2026-04-29T06:17:17","date_gmt":"2026-04-29T09:17:17","guid":{"rendered":"https:\/\/vagas.portalemprego.com.br\/?p=3928"},"modified":"2026-04-29T06:17:17","modified_gmt":"2026-04-29T09:17:17","slug":"oportunidade-exclusiva-para-mulheres-pirai-rj-industrial-producao-fabrica-pirai","status":"publish","type":"post","link":"https:\/\/vagas.portalemprego.com.br\/?p=3928","title":{"rendered":"Oportunidade exclusiva para mulheres &#8211; Pira\u00ed RJ &#8211; Industrial, Produ\u00e7\u00e3o, F\u00e1brica &#8211; Pira\u00ed"},"content":{"rendered":"<p>? Oportunidade exclusiva para mulheres ?<br \/>\nEstamos com processo seletivo aberto e buscamos mulheres que queiram crescer, se desenvolver e fazer parte de um ambiente que valoriza talento, diversidade e protagonismo feminino.<br \/>\nSe voc\u00ea est\u00e1 em busca de uma nova oportunidade profissional, esse pode ser o seu momento.<br \/>\n?? Interessadas podem enviar o curr\u00edculo no link.<br \/>\nVenha construir o seu pr\u00f3ximo passo com a gente ????<\/p>\n<ul>\n<li>Local de trabalho: Pira\u00ed, RJ<\/li>\n<li>Regime de contrata\u00e7\u00e3o de tipo: Efetivo \u2013 CLT<\/li>\n<li>Jornada: Per\u00edodo Integral<\/li>\n<li>\u00c1rea e especializa\u00e7\u00e3o profissional: Industrial, Produ\u00e7\u00e3o, F\u00e1brica &#8211; Produ\u00e7\u00e3o<\/li>\n<li>N\u00edvel hier\u00e1rquico: Operacional<\/li>\n<\/ul>\n<p>Escolaridade M\u00ednima: Ensino Fundamental (1\u00ba grau)<\/p>\n","protected":false},"excerpt":{"rendered":"<p>? Oportunidade exclusiva para mulheres ? Estamos com processo seletivo aberto e buscamos mulheres que queiram crescer, se desenvolver e fazer parte de um ambiente que valoriza talento, diversidade e protagonismo feminino. Se voc\u00ea est\u00e1 em busca de uma nova oportunidade profissional, esse pode ser o seu momento. ?? Interessadas podem enviar o curr\u00edculo no [&hellip;]<\/p>\n","protected":false},"author":1,"featured_media":0,"comment_status":"open","ping_status":"open","sticky":false,"template":"","format":"standard","meta":{"footnotes":""},"categories":[21],"tags":[],"class_list":["post-3928","post","type-post","status-publish","format-standard","hentry","category-rio-de-janeiro-rj"],"_links":{"self":[{"href":"https:\/\/vagas.portalemprego.com.br\/index.php?rest_route=\/wp\/v2\/posts\/3928","targetHints":{"allow":["GET"]}}],"collection":[{"href":"https:\/\/vagas.portalemprego.com.br\/index.php?rest_route=\/wp\/v2\/posts"}],"about":[{"href":"https:\/\/vagas.portalemprego.com.br\/index.php?rest_route=\/wp\/v2\/types\/post"}],"author":[{"embeddable":true,"href":"https:\/\/vagas.portalemprego.com.br\/index.php?rest_route=\/wp\/v2\/users\/1"}],"replies":[{"embeddable":true,"href":"https:\/\/vagas.portalemprego.com.br\/index.php?rest_route=%2Fwp%2Fv2%2Fcomments&post=3928"}],"version-history":[{"count":0,"href":"https:\/\/vagas.portalemprego.com.br\/index.php?rest_route=\/wp\/v2\/posts\/3928\/revisions"}],"wp:attachment":[{"href":"https:\/\/vagas.portalemprego.com.br\/index.php?rest_route=%2Fwp%2Fv2%2Fmedia&parent=3928"}],"wp:term":[{"taxonomy":"category","embeddable":true,"href":"https:\/\/vagas.portalemprego.com.br\/index.php?rest_route=%2Fwp%2Fv2%2Fcategories&post=3928"},{"taxonomy":"post_tag","embeddable":true,"href":"https:\/\/vagas.portalemprego.com.br\/index.php?rest_route=%2Fwp%2Fv2%2Ftags&post=3928"}],"curies":[{"name":"wp","href":"https:\/\/api.w.org\/{rel}","templated":true}]}}