{"id":3929,"date":"2026-04-29T06:17:17","date_gmt":"2026-04-29T09:17:17","guid":{"rendered":"https:\/\/vagas.portalemprego.com.br\/?p=3929"},"modified":"2026-04-29T06:17:17","modified_gmt":"2026-04-29T09:17:17","slug":"eletricista-pcd-construcao-manutencao-barra-do-pirai","status":"publish","type":"post","link":"https:\/\/vagas.portalemprego.com.br\/?p=3929","title":{"rendered":"Eletricista &#8211; PCD &#8211; Constru\u00e7\u00e3o, Manuten\u00e7\u00e3o &#8211; Barra do Pira\u00ed"},"content":{"rendered":"<p>Eletricista \u2013 PCD<br \/>\nLocal de Trabalho: Barra do Pira\u00ed-RJ<br \/>\nEscala: 12&#215;36 das 7h \u00e0s 19h e das 19h \u00e0s 7h<br \/>\nAtividades:<br \/>\nTer atuado com ativos ferrovi\u00e1rios;<br \/>\nDisponibilidade para trabalhar com altura;<br \/>\nDisponibilidade para trabalhar em campo;<br \/>\nRequisitos obrigat\u00f3rios:<br \/>\nEnsino m\u00e9dio Completo;<br \/>\nCurso T\u00e9cnico em El\u00e9trica, eletrot\u00e9cnica ou eletromec\u00e2nica.<br \/>\nComportamental:<br \/>\n Proatividade;<br \/>\nSaber trabalhar em Equipe;<\/p>\n<ul>\n<li>Local de trabalho: Barra do Pira\u00ed, RJ<\/li>\n<li>Regime de contrata\u00e7\u00e3o de tipo: Efetivo \u2013 CLT<\/li>\n<li>Jornada: Parcial noites<\/li>\n<li>\u00c1rea e especializa\u00e7\u00e3o profissional: Constru\u00e7\u00e3o, Manuten\u00e7\u00e3o &#8211; Manuten\u00e7\u00e3o El\u00e9trica<\/li>\n<li>N\u00edvel hier\u00e1rquico: Operacional<\/li>\n<\/ul>\n<p>VALORIZADO<\/p>\n<p>Tempo de experi\u00eancia: Entre 1 e 3 anos<\/p>\n<p>HABILIDADES<\/p>\n<ul>\n<li>Trabalho em equipe<\/li>\n<li>Proatividade<\/li>\n<\/ul>\n<p>Escolaridade M\u00ednima: Curso T\u00e9cnico<\/p>\n<p>Forma\u00e7\u00e3o desejada:<\/p>\n<ul>\n<li>Eletromec\u00e2nica, Curso T\u00e9cnico<\/li>\n<li>Eletroeletr\u00f4nica, Curso T\u00e9cnico<\/li>\n<\/ul>\n<p>Habilita\u00e7\u00e3o para dirigir: B<\/p>\n<p>Disponibilidade para viajar<\/p>\n<ul>\n<li>Plataforma de Sa\u00fade Emocional\/Nutricional (Plano de Sa\u00fade)<\/li>\n<li>Conv\u00eanio Sest Senat<\/li>\n<li>Conv\u00eanios e parcerias<\/li>\n<li>Vale transporte<\/li>\n<li>Complementa\u00e7\u00e3o Salarial\/Aux\u00edlio-Doen\u00e7a<\/li>\n<li>Empr\u00e9stimo de F\u00e9rias<\/li>\n<li>Aux\u00edlio Funeral<\/li>\n<li>Incentivo \u00e0 Educa\u00e7\u00e3o<\/li>\n<li>Previd\u00eancia Privada Bradesco Seguros<\/li>\n<li>Wellhub<\/li>\n<li>Plano Odontol\u00f3gico Bradesco<\/li>\n<li>Plano de Sa\u00fade Bradesco<\/li>\n<li>Programa de Participa\u00e7\u00e3o de Resultados (PPR)<\/li>\n<li>Ticket alimenta\u00e7\u00e3o\/refei\u00e7\u00e3o<\/li>\n<li>Seguro de Vida<\/li>\n<\/ul>\n<p>Sal\u00e1rio: 2557,57<\/p>\n","protected":false},"excerpt":{"rendered":"<p>Eletricista \u2013 PCD Local de Trabalho: Barra do Pira\u00ed-RJ Escala: 12&#215;36 das 7h \u00e0s 19h e das 19h \u00e0s 7h Atividades: Ter atuado com ativos ferrovi\u00e1rios; Disponibilidade para trabalhar com altura; Disponibilidade para trabalhar em campo; Requisitos obrigat\u00f3rios: Ensino m\u00e9dio Completo; Curso T\u00e9cnico em El\u00e9trica, eletrot\u00e9cnica ou eletromec\u00e2nica. Comportamental: Proatividade; Saber trabalhar em Equipe; Local [&hellip;]<\/p>\n","protected":false},"author":1,"featured_media":0,"comment_status":"open","ping_status":"open","sticky":false,"template":"","format":"standard","meta":{"footnotes":""},"categories":[21],"tags":[],"class_list":["post-3929","post","type-post","status-publish","format-standard","hentry","category-rio-de-janeiro-rj"],"_links":{"self":[{"href":"https:\/\/vagas.portalemprego.com.br\/index.php?rest_route=\/wp\/v2\/posts\/3929","targetHints":{"allow":["GET"]}}],"collection":[{"href":"https:\/\/vagas.portalemprego.com.br\/index.php?rest_route=\/wp\/v2\/posts"}],"about":[{"href":"https:\/\/vagas.portalemprego.com.br\/index.php?rest_route=\/wp\/v2\/types\/post"}],"author":[{"embeddable":true,"href":"https:\/\/vagas.portalemprego.com.br\/index.php?rest_route=\/wp\/v2\/users\/1"}],"replies":[{"embeddable":true,"href":"https:\/\/vagas.portalemprego.com.br\/index.php?rest_route=%2Fwp%2Fv2%2Fcomments&post=3929"}],"version-history":[{"count":0,"href":"https:\/\/vagas.portalemprego.com.br\/index.php?rest_route=\/wp\/v2\/posts\/3929\/revisions"}],"wp:attachment":[{"href":"https:\/\/vagas.portalemprego.com.br\/index.php?rest_route=%2Fwp%2Fv2%2Fmedia&parent=3929"}],"wp:term":[{"taxonomy":"category","embeddable":true,"href":"https:\/\/vagas.portalemprego.com.br\/index.php?rest_route=%2Fwp%2Fv2%2Fcategories&post=3929"},{"taxonomy":"post_tag","embeddable":true,"href":"https:\/\/vagas.portalemprego.com.br\/index.php?rest_route=%2Fwp%2Fv2%2Ftags&post=3929"}],"curies":[{"name":"wp","href":"https:\/\/api.w.org\/{rel}","templated":true}]}}