{"id":3930,"date":"2026-04-29T06:17:17","date_gmt":"2026-04-29T09:17:17","guid":{"rendered":"https:\/\/vagas.portalemprego.com.br\/?p=3930"},"modified":"2026-04-29T06:17:17","modified_gmt":"2026-04-29T09:17:17","slug":"auxiliar-de-producao-afirmativa-pessoa-com-deficiencia-pirai-rj-pcd-industrial-producao-fabrica-volta-redonda","status":"publish","type":"post","link":"https:\/\/vagas.portalemprego.com.br\/?p=3930","title":{"rendered":"Auxiliar de Produ\u00e7\u00e3o Afirmativa Pessoa com Defici\u00eancia &#8211; Pira\u00ed RJ (PCD) &#8211; Industrial, Produ\u00e7\u00e3o, F\u00e1brica &#8211; Volta Redonda"},"content":{"rendered":"<p>Somos\u00a0a\u00a0Softys,\u00a0uma\u00a0empresa\u00a0global\u00a0com\u00a0mais\u00a0de\u00a040\u00a0anos\u00a0de\u00a0experi\u00eancia\u00a0no\u00a0mercado,\u00a0l\u00edder\u00a0na\u00a0Am\u00e9rica\u00a0Latina\u00a0no\u00a0desenvolvimento\u00a0de\u00a0produtos\u00a0e\u00a0solu\u00e7\u00f5es\u00a0para\u00a0cuidados\u00a0pessoais.\u00a0Atrav\u00e9s\u00a0das\u00a0nossas\u00a0marcas\u00a0e\u00a0produtos\u00a0cuidamos\u00a0das\u00a0pessoas\u00a0e\u00a0de\u00a0suas\u00a0necessidades\u00a0di\u00e1rias,\u00a0proporcionando\u00a0seguran\u00e7a,\u00a0tranquilidade,\u00a0autonomia\u00a0e\u00a0liberdade\u00a0que\u00a0necessitam\u00a0em\u00a0cada\u00a0etapa\u00a0de\u00a0suas\u00a0vidas.<br \/>\nPor\u00a0que\u00a0essa\u00a0\u00e9\u00a0uma\u00a0vaga\u00a0afirmativa\u00a0para\u00a0Pessoas\u00a0com\u00a0Defici\u00eancia?\u00a0Somos\u00a0uma\u00a0empresa\u00a0multilatina.\u00a0A\u00a0diversidade\u00a0nos\u00a0torna\u00a0grandes\u00a0e\u00a0trabalharmos\u00a0juntos\u00a0nos\u00a0permite\u00a0inovar\u00a0e\u00a0atingir\u00a0milh\u00f5es\u00a0de\u00a0clientes\u00a0e\u00a0consumidores\u00a0com\u00a0as\u00a0melhores\u00a0solu\u00e7\u00f5es\u00a0e\u00a0produtos.\u00a0A\u00a0inclus\u00e3o\u00a0faz\u00a0parte\u00a0da\u00a0nossa\u00a0ess\u00eancia\u00a0e\u00a0nos\u00a0faz\u00a0caminhar\u00a0na\u00a0constru\u00e7\u00e3o\u00a0de\u00a0um\u00a0ambiente\u00a0onde\u00a0todas\u00a0as\u00a0pessoas\u00a0se\u00a0sintam\u00a0cuidadas,\u00a0respeitadas\u00a0e\u00a0ouvidas,\u00a0inspirando\u00a0o\u00a0m\u00e1ximo\u00a0desempenho,\u00a0exibindo\u00a0a\u00a0melhor\u00a0vers\u00e3o\u00a0de\u00a0si\u00a0mesmas\u00a0e\u00a0sendo\u00a0felizes.\u00a0<br \/>\nA\u00a0jornada\u00a0de\u00a0recrutamento\u00a0dessa\u00a0posi\u00e7\u00e3o\u00a0seguir\u00e1\u00a0normalmente\u00a0a\u00a0nossa\u00a0pol\u00edtica\u00a0interna,\u00a0sem\u00a0qualquer\u00a0tipo\u00a0de\u00a0altera\u00e7\u00e3o,\u00a0com\u00a0exce\u00e7\u00e3o\u00a0para\u00a0adapta\u00e7\u00f5es\u00a0que\u00a0tem\u00a0como\u00a0objetivo\u00a0manter\u00a0o\u00a0processo\u00a0seletivo\u00a0acess\u00edvel\u00a0para\u00a0todes.\u00a0Queremos\u00a0ter\u00a0o\u00a0seu\u00a0talento\u00a0aqui\u00a0com\u00a0a\u00a0gente\u00a0para\u00a0que\u00a0juntos\u00a0possamos\u00a0criar\u00a0uma\u00a0experi\u00eancia\u00a0\u00fanica\u00a0de\u00a0cuidado!<br \/>\n#VemSerSoftys\u00a0#DiversidadeSoftys<br \/>\nComo\u00a0ser\u00e1\u00a0o\u00a0seu\u00a0dia\u00a0a\u00a0dia\u00a0nessa\u00a0\u00e1rea?<br \/>\n&#8211; Suporte\u00a0direto\u00a0as\u00a0linhas\u00a0de\u00a0produ\u00e7\u00e3o;\u00a0<br \/>\n&#8211; Controle\u00a0e\u00a0organiza\u00e7\u00e3o\u00a0do\u00a0ambiente\u00a0de\u00a0trabalho;<br \/>\nAqui\u00a0na\u00a0Softys\u00a0buscamos\u00a0cuidar\u00a0da\u00a0experi\u00eancia\u00a0de\u00a0nossas\u00a0pessoas\u00a0durante\u00a0toda\u00a0a\u00a0jornada\u00a0delas\u00a0com\u00a0a\u00a0gente.\u00a0Por\u00a0isso,\u00a0vamos\u00a0al\u00e9m\u00a0de\u00a0\u00f3timos\u00a0benef\u00edcios\u00a0e\u00a0pensamos\u00a0tamb\u00e9m\u00a0no\u00a0seu\u00a0bem &#8211; estar,\u00a0flexibilidade,\u00a0na\u00a0sua\u00a0carreira\u00a0e\u00a0em\u00a0momentos\u00a0com\u00a0a\u00a0fam\u00edlia.<br \/>\nSe\u00a0vier\u00a0a\u00a0fazer\u00a0parte\u00a0do\u00a0nosso\u00a0time\u00a0#SouSoftys,\u00a0olha\u00a0s\u00f3\u00a0o\u00a0que\u00a0voc\u00ea\u00a0encontrar\u00e1:<br \/>\nPara\u00a0voc\u00ea\u00a0se\u00a0alimentar\u00a0e\/ou\u00a0fazer\u00a0compras\u00a0onde\u00a0preferir:\u00a0Vale\u00a0Refei\u00e7\u00e3o*\u00a0e\u00a0Alimenta\u00e7\u00e3o\u00a0em\u00a0cart\u00e3o\u00a0de\u00a0cr\u00e9dito\u00a0flex\u00edvel<br \/>\nPara\u00a0voc\u00ea\u00a0se\u00a0locomover\u00a0com\u00a0tranquilidade:\u00a0Vale\u00a0Transporte\u00a0e\/ou\u00a0fretado\u00a0na\u00a0unidade;<br \/>\nPara\u00a0cuidar\u00a0do\u00a0seu\u00a0bem-estar\u00a0e\u00a0da\u00a0sua\u00a0fam\u00edlia:\u00a0Assist\u00eancia\u00a0M\u00e9dica,\u00a0Odontol\u00f3gica,\u00a0TotalPass\u00a0+\u00a0TotalNutri,\u00a0Conv\u00eanio\u00a0Farm\u00e1cia,\u00a0Seguro\u00a0de\u00a0Vida,\u00a0Aux\u00edlio\u00a0Creche,\u00a0Aux\u00edlio\u00a0por\u00a0Filho\u00a0Excepcional,\u00a0Licen\u00e7a\u00a0Maternidade\/Paternidade,\u00a0Kit\u00a0Natalino,\u00a0Kit\u00a0Escolar\u00a0e\u00a0Brinquedo\u00a0para\u00a0filhos\u00a0e\u00a0dependentes,\u00a0Programa\u00a0de\u00a0Assist\u00eancia\u00a0Social,\u00a0Psicol\u00f3gica\u00a0e\u00a0Jur\u00eddica\u00a0dispon\u00edvel\u00a024hs\u00a0e\u00a0sem\u00a0custo;<br \/>\nPara\u00a0apoiar\u00a0o\u00a0desenvolvimento\u00a0da\u00a0sua\u00a0carreira:\u00a0Gest\u00e3o\u00a0de\u00a0Desempenho,\u00a0nosso\u00a0programa\u00a0de\u00a0avalia\u00e7\u00e3o\u00a0de\u00a0performance\u00a0com\u00a0conversas\u00a0frequentes\u00a0de\u00a0feedback\u00a0e\u00a0Plano\u00a0de\u00a0Desenvolvimento\u00a0Individual;\u00a0Softys\u00a0University,\u00a0nossa\u00a0plataforma\u00a0virtual\u00a0com\u00a0diversos\u00a0cursos\u00a0e\u00a0treinamentos\u00a0e-learnings\u00a0dispon\u00edveis\u00a0para\u00a0sua\u00a0jornada\u00a0de\u00a0aprendizagem\u00a0cont\u00ednua;<br \/>\nPara\u00a0reconhecer\u00a0o\u00a0seu\u00a0desempenho:\u00a0Programa\u00a0de\u00a0Participa\u00e7\u00e3o\u00a0nos\u00a0Resultados\u00a0(PPR);<br \/>\nLoja\u00a0Softys:\u00a0compra\u00a0de\u00a0produtos\u00a0com\u00a030%\u00a0de\u00a0desconto\u00a0em\u00a0nossa\u00a0loja\u00a0on-line.<\/p>\n<ul>\n<li>Local de trabalho: Volta Redonda, RJ<\/li>\n<li>Regime de contrata\u00e7\u00e3o de tipo: Efetivo \u2013 CLT<\/li>\n<li>Jornada: Per\u00edodo Integral<\/li>\n<li>\u00c1rea e especializa\u00e7\u00e3o profissional: Industrial, Produ\u00e7\u00e3o, F\u00e1brica &#8211; Produ\u00e7\u00e3o<\/li>\n<li>N\u00edvel hier\u00e1rquico: Operacional<\/li>\n<\/ul>\n<p>Escolaridade M\u00ednima: Ensino Fundamental (1\u00ba grau)<\/p>\n","protected":false},"excerpt":{"rendered":"<p>Somos\u00a0a\u00a0Softys,\u00a0uma\u00a0empresa\u00a0global\u00a0com\u00a0mais\u00a0de\u00a040\u00a0anos\u00a0de\u00a0experi\u00eancia\u00a0no\u00a0mercado,\u00a0l\u00edder\u00a0na\u00a0Am\u00e9rica\u00a0Latina\u00a0no\u00a0desenvolvimento\u00a0de\u00a0produtos\u00a0e\u00a0solu\u00e7\u00f5es\u00a0para\u00a0cuidados\u00a0pessoais.\u00a0Atrav\u00e9s\u00a0das\u00a0nossas\u00a0marcas\u00a0e\u00a0produtos\u00a0cuidamos\u00a0das\u00a0pessoas\u00a0e\u00a0de\u00a0suas\u00a0necessidades\u00a0di\u00e1rias,\u00a0proporcionando\u00a0seguran\u00e7a,\u00a0tranquilidade,\u00a0autonomia\u00a0e\u00a0liberdade\u00a0que\u00a0necessitam\u00a0em\u00a0cada\u00a0etapa\u00a0de\u00a0suas\u00a0vidas. Por\u00a0que\u00a0essa\u00a0\u00e9\u00a0uma\u00a0vaga\u00a0afirmativa\u00a0para\u00a0Pessoas\u00a0com\u00a0Defici\u00eancia?\u00a0Somos\u00a0uma\u00a0empresa\u00a0multilatina.\u00a0A\u00a0diversidade\u00a0nos\u00a0torna\u00a0grandes\u00a0e\u00a0trabalharmos\u00a0juntos\u00a0nos\u00a0permite\u00a0inovar\u00a0e\u00a0atingir\u00a0milh\u00f5es\u00a0de\u00a0clientes\u00a0e\u00a0consumidores\u00a0com\u00a0as\u00a0melhores\u00a0solu\u00e7\u00f5es\u00a0e\u00a0produtos.\u00a0A\u00a0inclus\u00e3o\u00a0faz\u00a0parte\u00a0da\u00a0nossa\u00a0ess\u00eancia\u00a0e\u00a0nos\u00a0faz\u00a0caminhar\u00a0na\u00a0constru\u00e7\u00e3o\u00a0de\u00a0um\u00a0ambiente\u00a0onde\u00a0todas\u00a0as\u00a0pessoas\u00a0se\u00a0sintam\u00a0cuidadas,\u00a0respeitadas\u00a0e\u00a0ouvidas,\u00a0inspirando\u00a0o\u00a0m\u00e1ximo\u00a0desempenho,\u00a0exibindo\u00a0a\u00a0melhor\u00a0vers\u00e3o\u00a0de\u00a0si\u00a0mesmas\u00a0e\u00a0sendo\u00a0felizes.\u00a0 A\u00a0jornada\u00a0de\u00a0recrutamento\u00a0dessa\u00a0posi\u00e7\u00e3o\u00a0seguir\u00e1\u00a0normalmente\u00a0a\u00a0nossa\u00a0pol\u00edtica\u00a0interna,\u00a0sem\u00a0qualquer\u00a0tipo\u00a0de\u00a0altera\u00e7\u00e3o,\u00a0com\u00a0exce\u00e7\u00e3o\u00a0para\u00a0adapta\u00e7\u00f5es\u00a0que\u00a0tem\u00a0como\u00a0objetivo\u00a0manter\u00a0o\u00a0processo\u00a0seletivo\u00a0acess\u00edvel\u00a0para\u00a0todes.\u00a0Queremos\u00a0ter\u00a0o\u00a0seu\u00a0talento\u00a0aqui\u00a0com\u00a0a\u00a0gente\u00a0para\u00a0que\u00a0juntos\u00a0possamos\u00a0criar\u00a0uma\u00a0experi\u00eancia\u00a0\u00fanica\u00a0de\u00a0cuidado! #VemSerSoftys\u00a0#DiversidadeSoftys Como\u00a0ser\u00e1\u00a0o\u00a0seu\u00a0dia\u00a0a\u00a0dia\u00a0nessa\u00a0\u00e1rea? &#8211; Suporte\u00a0direto\u00a0as\u00a0linhas\u00a0de\u00a0produ\u00e7\u00e3o;\u00a0 &#8211; Controle\u00a0e\u00a0organiza\u00e7\u00e3o\u00a0do\u00a0ambiente\u00a0de\u00a0trabalho; Aqui\u00a0na\u00a0Softys\u00a0buscamos\u00a0cuidar\u00a0da\u00a0experi\u00eancia\u00a0de\u00a0nossas\u00a0pessoas\u00a0durante\u00a0toda\u00a0a\u00a0jornada\u00a0delas\u00a0com\u00a0a\u00a0gente.\u00a0Por\u00a0isso,\u00a0vamos\u00a0al\u00e9m\u00a0de\u00a0\u00f3timos\u00a0benef\u00edcios\u00a0e\u00a0pensamos\u00a0tamb\u00e9m\u00a0no\u00a0seu\u00a0bem &#8211; estar,\u00a0flexibilidade,\u00a0na\u00a0sua\u00a0carreira\u00a0e\u00a0em\u00a0momentos\u00a0com\u00a0a\u00a0fam\u00edlia. Se\u00a0vier\u00a0a\u00a0fazer\u00a0parte\u00a0do\u00a0nosso\u00a0time\u00a0#SouSoftys,\u00a0olha\u00a0s\u00f3\u00a0o\u00a0que\u00a0voc\u00ea\u00a0encontrar\u00e1: Para\u00a0voc\u00ea\u00a0se\u00a0alimentar\u00a0e\/ou\u00a0fazer\u00a0compras\u00a0onde\u00a0preferir:\u00a0Vale\u00a0Refei\u00e7\u00e3o*\u00a0e\u00a0Alimenta\u00e7\u00e3o\u00a0em\u00a0cart\u00e3o\u00a0de\u00a0cr\u00e9dito\u00a0flex\u00edvel Para\u00a0voc\u00ea\u00a0se\u00a0locomover\u00a0com\u00a0tranquilidade:\u00a0Vale\u00a0Transporte\u00a0e\/ou\u00a0fretado\u00a0na\u00a0unidade; Para\u00a0cuidar\u00a0do\u00a0seu\u00a0bem-estar\u00a0e\u00a0da\u00a0sua\u00a0fam\u00edlia:\u00a0Assist\u00eancia\u00a0M\u00e9dica,\u00a0Odontol\u00f3gica,\u00a0TotalPass\u00a0+\u00a0TotalNutri,\u00a0Conv\u00eanio\u00a0Farm\u00e1cia,\u00a0Seguro\u00a0de\u00a0Vida,\u00a0Aux\u00edlio\u00a0Creche,\u00a0Aux\u00edlio\u00a0por\u00a0Filho\u00a0Excepcional,\u00a0Licen\u00e7a\u00a0Maternidade\/Paternidade,\u00a0Kit\u00a0Natalino,\u00a0Kit\u00a0Escolar\u00a0e\u00a0Brinquedo\u00a0para\u00a0filhos\u00a0e\u00a0dependentes,\u00a0Programa\u00a0de\u00a0Assist\u00eancia\u00a0Social,\u00a0Psicol\u00f3gica\u00a0e\u00a0Jur\u00eddica\u00a0dispon\u00edvel\u00a024hs\u00a0e\u00a0sem\u00a0custo; Para\u00a0apoiar\u00a0o\u00a0desenvolvimento\u00a0da\u00a0sua\u00a0carreira:\u00a0Gest\u00e3o\u00a0de\u00a0Desempenho,\u00a0nosso\u00a0programa\u00a0de\u00a0avalia\u00e7\u00e3o\u00a0de\u00a0performance\u00a0com\u00a0conversas\u00a0frequentes\u00a0de\u00a0feedback\u00a0e\u00a0Plano\u00a0de\u00a0Desenvolvimento\u00a0Individual;\u00a0Softys\u00a0University,\u00a0nossa\u00a0plataforma\u00a0virtual\u00a0com\u00a0diversos\u00a0cursos\u00a0e\u00a0treinamentos\u00a0e-learnings\u00a0dispon\u00edveis\u00a0para\u00a0sua\u00a0jornada\u00a0de\u00a0aprendizagem\u00a0cont\u00ednua; Para\u00a0reconhecer\u00a0o\u00a0seu\u00a0desempenho:\u00a0Programa\u00a0de\u00a0Participa\u00e7\u00e3o\u00a0nos\u00a0Resultados\u00a0(PPR); Loja\u00a0Softys:\u00a0compra\u00a0de\u00a0produtos\u00a0com\u00a030%\u00a0de\u00a0desconto\u00a0em\u00a0nossa\u00a0loja\u00a0on-line. Local de trabalho: Volta Redonda, RJ Regime de contrata\u00e7\u00e3o de tipo: Efetivo \u2013 CLT Jornada: Per\u00edodo Integral \u00c1rea e especializa\u00e7\u00e3o profissional: Industrial, Produ\u00e7\u00e3o, F\u00e1brica &#8211; Produ\u00e7\u00e3o N\u00edvel hier\u00e1rquico: Operacional Escolaridade M\u00ednima: Ensino Fundamental (1\u00ba grau)<\/p>\n","protected":false},"author":1,"featured_media":0,"comment_status":"open","ping_status":"open","sticky":false,"template":"","format":"standard","meta":{"footnotes":""},"categories":[21],"tags":[],"class_list":["post-3930","post","type-post","status-publish","format-standard","hentry","category-rio-de-janeiro-rj"],"_links":{"self":[{"href":"https:\/\/vagas.portalemprego.com.br\/index.php?rest_route=\/wp\/v2\/posts\/3930","targetHints":{"allow":["GET"]}}],"collection":[{"href":"https:\/\/vagas.portalemprego.com.br\/index.php?rest_route=\/wp\/v2\/posts"}],"about":[{"href":"https:\/\/vagas.portalemprego.com.br\/index.php?rest_route=\/wp\/v2\/types\/post"}],"author":[{"embeddable":true,"href":"https:\/\/vagas.portalemprego.com.br\/index.php?rest_route=\/wp\/v2\/users\/1"}],"replies":[{"embeddable":true,"href":"https:\/\/vagas.portalemprego.com.br\/index.php?rest_route=%2Fwp%2Fv2%2Fcomments&post=3930"}],"version-history":[{"count":0,"href":"https:\/\/vagas.portalemprego.com.br\/index.php?rest_route=\/wp\/v2\/posts\/3930\/revisions"}],"wp:attachment":[{"href":"https:\/\/vagas.portalemprego.com.br\/index.php?rest_route=%2Fwp%2Fv2%2Fmedia&parent=3930"}],"wp:term":[{"taxonomy":"category","embeddable":true,"href":"https:\/\/vagas.portalemprego.com.br\/index.php?rest_route=%2Fwp%2Fv2%2Fcategories&post=3930"},{"taxonomy":"post_tag","embeddable":true,"href":"https:\/\/vagas.portalemprego.com.br\/index.php?rest_route=%2Fwp%2Fv2%2Ftags&post=3930"}],"curies":[{"name":"wp","href":"https:\/\/api.w.org\/{rel}","templated":true}]}}