{"id":3932,"date":"2026-04-29T06:17:17","date_gmt":"2026-04-29T09:17:17","guid":{"rendered":"https:\/\/vagas.portalemprego.com.br\/?p=3932"},"modified":"2026-04-29T06:17:17","modified_gmt":"2026-04-29T09:17:17","slug":"auxiliar-de-servicos-gerais-servicos-gerais-rio-de-janeiro-59","status":"publish","type":"post","link":"https:\/\/vagas.portalemprego.com.br\/?p=3932","title":{"rendered":"Auxiliar de Servi\u00e7os Gerais &#8211; Servi\u00e7os Gerais &#8211; Rio de Janeiro"},"content":{"rendered":"<p>Buscamos um profissional comprometido, organizado e cuidadoso para atuar como Auxiliar de Servi\u00e7os Gerais. Este profissional ser\u00e1 respons\u00e1vel por executar atividades de limpeza, higieniza\u00e7\u00e3o e conserva\u00e7\u00e3o dos ambientes, tanto internos quanto externos, garantindo um espa\u00e7o agrad\u00e1vel, seguro e bem cuidado para colaboradores e clientes. Atuar\u00e1 seguindo rigorosamente os padr\u00f5es de qualidade, seguran\u00e7a, sa\u00fade e meio ambiente, contribuindo diretamente para a manuten\u00e7\u00e3o da organiza\u00e7\u00e3o e do bem-estar no ambiente de trabalho.<\/p>\n<p>Principais responsabilidades:<br \/>\n\u2022 Realizar limpeza e higieniza\u00e7\u00e3o de \u00e1reas internas e externas (cal\u00e7adas, p\u00e1tios, jardins e \u00e1reas de conviv\u00eancia);<br \/>\n \u2022 Executar lavagem de pisos, vidros, portas, janelas, paredes, m\u00f3veis e superf\u00edcies diversas;<br \/>\n \u2022 Realizar coleta e descarte correto dos res\u00edduos (org\u00e2nicos, recicl\u00e1veis e sanit\u00e1rios), levando-os aos pontos designados para recolhimento pelo servi\u00e7o de limpeza urbana ou empresa contratada;<br \/>\n \u2022 Zelar pela organiza\u00e7\u00e3o dos ambientes, mantendo os espa\u00e7os limpos, arejados e devidamente preparados para uso;<br \/>\n \u2022 Reabastecer materiais de higiene e limpeza nos banheiros, copa e \u00e1reas comuns (papel higi\u00eanico, papel toalha, sabonete, \u00e1lcool, entre outros);<br \/>\n \u2022 Controlar o estoque de materiais de limpeza, informando a necessidade de reposi\u00e7\u00e3o ao setor respons\u00e1vel;<br \/>\n \u2022 Auxiliar na movimenta\u00e7\u00e3o de m\u00f3veis, materiais e organiza\u00e7\u00e3o de ambientes para eventos, reuni\u00f5es ou manuten\u00e7\u00f5es;<br \/>\n \u2022 Realizar a limpeza de \u00e1reas externas, removendo folhas, res\u00edduos e mantendo o espa\u00e7o livre de sujeiras;<br \/>\n \u2022 Utilizar corretamente os Equipamentos de Prote\u00e7\u00e3o Individual (EPIs) e seguir os procedimentos de seguran\u00e7a, sa\u00fade e meio ambiente;<br \/>\n \u2022 Cumprir os protocolos e normas internas de limpeza, organiza\u00e7\u00e3o e seguran\u00e7a no ambiente de trabalho;<br \/>\n \u2022 Executar outras atividades correlatas, conforme orienta\u00e7\u00e3o da lideran\u00e7a.<\/p>\n<p>Compet\u00eancias necess\u00e1rias:<br \/>\n\u2022 Organiza\u00e7\u00e3o e zelo;<br \/>\n \u2022 Proatividade e agilidade;<br \/>\n \u2022 Aten\u00e7\u00e3o aos detalhes;<br \/>\n \u2022 Comprometimento e responsabilidade;<br \/>\n \u2022 \u00c9tica e postura profissional;<br \/>\n \u2022 Facilidade para trabalhar em equipe;<br \/>\n \u2022 Pontualidade e assiduidade;<br \/>\n \u2022 Discri\u00e7\u00e3o e bom relacionamento interpessoal.<br \/>\nT\u00e9cnicas:<br \/>\n\u2022 Conhecimento de t\u00e9cnicas de limpeza, higieniza\u00e7\u00e3o e conserva\u00e7\u00e3o de ambientes;<br \/>\n \u2022 No\u00e7\u00f5es de uso correto e seguro de produtos de limpeza e equipamentos;<br \/>\n \u2022 Cuidados b\u00e1sicos com manuten\u00e7\u00e3o de espa\u00e7os f\u00edsicos;<br \/>\n \u2022 Cumprimento das normas de seguran\u00e7a, sa\u00fade ocupacional e meio ambiente;<br \/>\n \u2022 Conhecimento b\u00e1sico sobre descarte correto de res\u00edduos.<\/p>\n<p>Requisitos:<br \/>\n\u2022 Ensino fundamental completo;<br \/>\n \u2022 Experi\u00eancia anterior na fun\u00e7\u00e3o ser\u00e1 considerada um diferencial;<br \/>\n \u2022 Conhecimentos b\u00e1sicos sobre produtos de limpeza e procedimentos de higieniza\u00e7\u00e3o;<br \/>\n \u2022 Facilidade para lidar com rotinas de limpeza em diferentes ambientes (internos e externos);<\/p>\n<p>Benef\u00edcios comuns:<br \/>\n\u2022 Vale-transporte;<br \/>\n \u2022 Almo\u00e7o no local<br \/>\n \u2022 Plano de sa\u00fade e odontol\u00f3gico;<br \/>\n\u00a0\u2022Wellhub<\/p>\n<ul>\n<li>Local de trabalho: Rio de Janeiro, RJ<\/li>\n<li>Regime de contrata\u00e7\u00e3o de tipo: Efetivo \u2013 CLT<\/li>\n<li>Jornada: Per\u00edodo Integral<\/li>\n<li>\u00c1rea e especializa\u00e7\u00e3o profissional: Servi\u00e7os Gerais &#8211; Limpeza<\/li>\n<li>N\u00edvel hier\u00e1rquico: Auxiliar<\/li>\n<\/ul>\n<p>VALORIZADO<\/p>\n<p>Tempo de experi\u00eancia: Entre 1 e 3 anos<\/p>\n<p>Escolaridade M\u00ednima: Ensino Fundamental (1\u00ba grau)<\/p>\n<ul>\n<li>Assist\u00eancia odontol\u00f3gica<\/li>\n<li>Assist\u00eancia m\u00e9dica<\/li>\n<li>Vale-transporte<\/li>\n<li>Refei\u00e7\u00e3o no local<\/li>\n<li>Wellhub<\/li>\n<\/ul>\n","protected":false},"excerpt":{"rendered":"<p>Buscamos um profissional comprometido, organizado e cuidadoso para atuar como Auxiliar de Servi\u00e7os Gerais. Este profissional ser\u00e1 respons\u00e1vel por executar atividades de limpeza, higieniza\u00e7\u00e3o e conserva\u00e7\u00e3o dos ambientes, tanto internos quanto externos, garantindo um espa\u00e7o agrad\u00e1vel, seguro e bem cuidado para colaboradores e clientes. Atuar\u00e1 seguindo rigorosamente os padr\u00f5es de qualidade, seguran\u00e7a, sa\u00fade e meio [&hellip;]<\/p>\n","protected":false},"author":1,"featured_media":0,"comment_status":"open","ping_status":"open","sticky":false,"template":"","format":"standard","meta":{"footnotes":""},"categories":[21],"tags":[],"class_list":["post-3932","post","type-post","status-publish","format-standard","hentry","category-rio-de-janeiro-rj"],"_links":{"self":[{"href":"https:\/\/vagas.portalemprego.com.br\/index.php?rest_route=\/wp\/v2\/posts\/3932","targetHints":{"allow":["GET"]}}],"collection":[{"href":"https:\/\/vagas.portalemprego.com.br\/index.php?rest_route=\/wp\/v2\/posts"}],"about":[{"href":"https:\/\/vagas.portalemprego.com.br\/index.php?rest_route=\/wp\/v2\/types\/post"}],"author":[{"embeddable":true,"href":"https:\/\/vagas.portalemprego.com.br\/index.php?rest_route=\/wp\/v2\/users\/1"}],"replies":[{"embeddable":true,"href":"https:\/\/vagas.portalemprego.com.br\/index.php?rest_route=%2Fwp%2Fv2%2Fcomments&post=3932"}],"version-history":[{"count":0,"href":"https:\/\/vagas.portalemprego.com.br\/index.php?rest_route=\/wp\/v2\/posts\/3932\/revisions"}],"wp:attachment":[{"href":"https:\/\/vagas.portalemprego.com.br\/index.php?rest_route=%2Fwp%2Fv2%2Fmedia&parent=3932"}],"wp:term":[{"taxonomy":"category","embeddable":true,"href":"https:\/\/vagas.portalemprego.com.br\/index.php?rest_route=%2Fwp%2Fv2%2Fcategories&post=3932"},{"taxonomy":"post_tag","embeddable":true,"href":"https:\/\/vagas.portalemprego.com.br\/index.php?rest_route=%2Fwp%2Fv2%2Ftags&post=3932"}],"curies":[{"name":"wp","href":"https:\/\/api.w.org\/{rel}","templated":true}]}}