{"id":3937,"date":"2026-04-29T06:17:17","date_gmt":"2026-04-29T09:17:17","guid":{"rendered":"https:\/\/vagas.portalemprego.com.br\/?p=3937"},"modified":"2026-04-29T06:17:17","modified_gmt":"2026-04-29T09:17:17","slug":"ajudante-de-mecanico-construcao-manutencao-rio-de-janeiro-4","status":"publish","type":"post","link":"https:\/\/vagas.portalemprego.com.br\/?p=3937","title":{"rendered":"Ajudante de Mec\u00e2nico &#8211; Constru\u00e7\u00e3o, Manuten\u00e7\u00e3o &#8211; Rio de Janeiro"},"content":{"rendered":"<p>Auxiliar nas informa\u00e7\u00f5es geradas de inspe\u00e7\u00e3o de rotinas de manuten\u00e7\u00e3o dos ve\u00edculos de transporte de cargas da empresa.<br \/>\nDar suporte \u00e0 \u00e1rea de Frota e transporte da empresa, estabelecendo prioridades na execu\u00e7\u00e3o das tarefas ap\u00f3s as inspe\u00e7\u00f5es e realiza\u00e7\u00f5es de atividades internas e externas.<\/p>\n<ul>\n<li>N\u00famero de vagas: 2<\/li>\n<li>Local de trabalho: Rio de Janeiro, RJ<\/li>\n<li>Regime de contrata\u00e7\u00e3o de tipo: Efetivo \u2013 CLT<\/li>\n<li>Jornada: Per\u00edodo Integral<\/li>\n<li>\u00c1rea e especializa\u00e7\u00e3o profissional: Constru\u00e7\u00e3o, Manuten\u00e7\u00e3o &#8211; Mec\u00e2nica de Autom\u00f3veis<\/li>\n<li>N\u00edvel hier\u00e1rquico: Auxiliar<\/li>\n<\/ul>\n<p>Escolaridade M\u00ednima: Ensino Fundamental (1\u00ba grau)<\/p>\n<p>Habilita\u00e7\u00e3o para dirigir: B<\/p>\n<ul>\n<li>Vale-transporte<\/li>\n<li>Refei\u00e7\u00e3o no local<\/li>\n<li>Assist\u00eancia m\u00e9dica<\/li>\n<li>Assist\u00eancia odontol\u00f3gica<\/li>\n<li>Seguro de Vida<\/li>\n<li>Pr\u00eamio Assiduidade<\/li>\n<\/ul>\n<p>Sal\u00e1rio: 1930,0<\/p>\n","protected":false},"excerpt":{"rendered":"<p>Auxiliar nas informa\u00e7\u00f5es geradas de inspe\u00e7\u00e3o de rotinas de manuten\u00e7\u00e3o dos ve\u00edculos de transporte de cargas da empresa. Dar suporte \u00e0 \u00e1rea de Frota e transporte da empresa, estabelecendo prioridades na execu\u00e7\u00e3o das tarefas ap\u00f3s as inspe\u00e7\u00f5es e realiza\u00e7\u00f5es de atividades internas e externas. N\u00famero de vagas: 2 Local de trabalho: Rio de Janeiro, RJ [&hellip;]<\/p>\n","protected":false},"author":1,"featured_media":0,"comment_status":"open","ping_status":"open","sticky":false,"template":"","format":"standard","meta":{"footnotes":""},"categories":[21],"tags":[],"class_list":["post-3937","post","type-post","status-publish","format-standard","hentry","category-rio-de-janeiro-rj"],"_links":{"self":[{"href":"https:\/\/vagas.portalemprego.com.br\/index.php?rest_route=\/wp\/v2\/posts\/3937","targetHints":{"allow":["GET"]}}],"collection":[{"href":"https:\/\/vagas.portalemprego.com.br\/index.php?rest_route=\/wp\/v2\/posts"}],"about":[{"href":"https:\/\/vagas.portalemprego.com.br\/index.php?rest_route=\/wp\/v2\/types\/post"}],"author":[{"embeddable":true,"href":"https:\/\/vagas.portalemprego.com.br\/index.php?rest_route=\/wp\/v2\/users\/1"}],"replies":[{"embeddable":true,"href":"https:\/\/vagas.portalemprego.com.br\/index.php?rest_route=%2Fwp%2Fv2%2Fcomments&post=3937"}],"version-history":[{"count":0,"href":"https:\/\/vagas.portalemprego.com.br\/index.php?rest_route=\/wp\/v2\/posts\/3937\/revisions"}],"wp:attachment":[{"href":"https:\/\/vagas.portalemprego.com.br\/index.php?rest_route=%2Fwp%2Fv2%2Fmedia&parent=3937"}],"wp:term":[{"taxonomy":"category","embeddable":true,"href":"https:\/\/vagas.portalemprego.com.br\/index.php?rest_route=%2Fwp%2Fv2%2Fcategories&post=3937"},{"taxonomy":"post_tag","embeddable":true,"href":"https:\/\/vagas.portalemprego.com.br\/index.php?rest_route=%2Fwp%2Fv2%2Ftags&post=3937"}],"curies":[{"name":"wp","href":"https:\/\/api.w.org\/{rel}","templated":true}]}}