{"id":3942,"date":"2026-04-29T06:17:17","date_gmt":"2026-04-29T09:17:17","guid":{"rendered":"https:\/\/vagas.portalemprego.com.br\/?p=3942"},"modified":"2026-04-29T06:17:17","modified_gmt":"2026-04-29T09:17:17","slug":"tecnico-em-seguranca-do-trabalho-logistica-rio-de-janeiro-3","status":"publish","type":"post","link":"https:\/\/vagas.portalemprego.com.br\/?p=3942","title":{"rendered":"T\u00e9cnico em Seguran\u00e7a do Trabalho &#8211; Log\u00edstica &#8211; Rio de Janeiro"},"content":{"rendered":"<p>T\u00e9cnico em Seguran\u00e7a do Trabalho<br \/>\nResponsabilidades:<br \/>\nAtuar diretamente em opera\u00e7\u00f5es log\u00edsticas de armazenagem e produ\u00e7\u00e3o.<br \/>\nConduzir an\u00e1lises de causa raiz utilizando metodologias como 5 Porqu\u00eas e Diagrama de Ishikawa (6M).<br \/>\nPreparar e conduzir avalia\u00e7\u00f5es pr\u00e1ticas: an\u00e1lise de causa + plano de a\u00e7\u00e3o.<br \/>\nDesenvolver e apresentar planos de a\u00e7\u00e3o estruturados, com hist\u00f3rico de implementa\u00e7\u00e3o comprovada.<br \/>\nMinistrar treinamentos, di\u00e1logos de seguran\u00e7a e palestras para equipes operacionais e gestores.<br \/>\nGarantir conformidade com legisla\u00e7\u00f5es e normas regulamentadoras, com dom\u00ednio das NRs 11, 12 e 18.<br \/>\nAcompanhar atividades em campo com postura hands on, identificando riscos e propondo melhorias.<\/p>\n<p>Requisitos:<br \/>\nEnsino superior completo e registro ativo (TST).<br \/>\nExperi\u00eancia em opera\u00e7\u00f5es log\u00edsticas.<br \/>\nViv\u00eancia pr\u00e1tica em gest\u00e3o de acidentes, apresentando an\u00e1lises realizadas e planos de a\u00e7\u00e3o implementados.<br \/>\nS\u00f3lida experi\u00eancia em investiga\u00e7\u00e3o de incidentes (5 Porqu\u00eas \/ 6M).<br \/>\nExcelente orat\u00f3ria e capacidade de conduzir treinamentos.<br \/>\nPerfil hands on, organiza\u00e7\u00e3o, comunica\u00e7\u00e3o e orienta\u00e7\u00e3o a resultados.<\/p>\n<p>Local de trabalho:<br \/>\nRibeira &#8211; Ilha do Governador. Rio de Janeiro<br \/>\nModelo de contrata\u00e7\u00e3o:<br \/>\nCLT<br \/>\nHor\u00e1rio:<br \/>\nSegunda a sexta-feira, das 17:30 \u00e0s 03:18 (disponibilidade para realizar horas extras, caso necess\u00e1rio)<\/p>\n<ul>\n<li>Local de trabalho: Rio de Janeiro, RJ<\/li>\n<li>Regime de contrata\u00e7\u00e3o de tipo: Efetivo \u2013 CLT<\/li>\n<li>Jornada: Per\u00edodo Integral<\/li>\n<li>\u00c1rea e especializa\u00e7\u00e3o profissional: Log\u00edstica &#8211; Estoque, Armazenagem, Dep\u00f3sito<\/li>\n<li>N\u00edvel hier\u00e1rquico: Especialista<\/li>\n<\/ul>\n<p>VALORIZADO<\/p>\n<p>Tempo de experi\u00eancia: Entre 5 e 10 anos<\/p>\n<p>Escolaridade M\u00ednima: Ensino Superior<\/p>\n","protected":false},"excerpt":{"rendered":"<p>T\u00e9cnico em Seguran\u00e7a do Trabalho Responsabilidades: Atuar diretamente em opera\u00e7\u00f5es log\u00edsticas de armazenagem e produ\u00e7\u00e3o. Conduzir an\u00e1lises de causa raiz utilizando metodologias como 5 Porqu\u00eas e Diagrama de Ishikawa (6M). Preparar e conduzir avalia\u00e7\u00f5es pr\u00e1ticas: an\u00e1lise de causa + plano de a\u00e7\u00e3o. Desenvolver e apresentar planos de a\u00e7\u00e3o estruturados, com hist\u00f3rico de implementa\u00e7\u00e3o comprovada. Ministrar [&hellip;]<\/p>\n","protected":false},"author":1,"featured_media":0,"comment_status":"open","ping_status":"open","sticky":false,"template":"","format":"standard","meta":{"footnotes":""},"categories":[21],"tags":[],"class_list":["post-3942","post","type-post","status-publish","format-standard","hentry","category-rio-de-janeiro-rj"],"_links":{"self":[{"href":"https:\/\/vagas.portalemprego.com.br\/index.php?rest_route=\/wp\/v2\/posts\/3942","targetHints":{"allow":["GET"]}}],"collection":[{"href":"https:\/\/vagas.portalemprego.com.br\/index.php?rest_route=\/wp\/v2\/posts"}],"about":[{"href":"https:\/\/vagas.portalemprego.com.br\/index.php?rest_route=\/wp\/v2\/types\/post"}],"author":[{"embeddable":true,"href":"https:\/\/vagas.portalemprego.com.br\/index.php?rest_route=\/wp\/v2\/users\/1"}],"replies":[{"embeddable":true,"href":"https:\/\/vagas.portalemprego.com.br\/index.php?rest_route=%2Fwp%2Fv2%2Fcomments&post=3942"}],"version-history":[{"count":0,"href":"https:\/\/vagas.portalemprego.com.br\/index.php?rest_route=\/wp\/v2\/posts\/3942\/revisions"}],"wp:attachment":[{"href":"https:\/\/vagas.portalemprego.com.br\/index.php?rest_route=%2Fwp%2Fv2%2Fmedia&parent=3942"}],"wp:term":[{"taxonomy":"category","embeddable":true,"href":"https:\/\/vagas.portalemprego.com.br\/index.php?rest_route=%2Fwp%2Fv2%2Fcategories&post=3942"},{"taxonomy":"post_tag","embeddable":true,"href":"https:\/\/vagas.portalemprego.com.br\/index.php?rest_route=%2Fwp%2Fv2%2Ftags&post=3942"}],"curies":[{"name":"wp","href":"https:\/\/api.w.org\/{rel}","templated":true}]}}