{"id":3945,"date":"2026-04-29T06:17:17","date_gmt":"2026-04-29T09:17:17","guid":{"rendered":"https:\/\/vagas.portalemprego.com.br\/?p=3945"},"modified":"2026-04-29T06:17:17","modified_gmt":"2026-04-29T09:17:17","slug":"tecnico-enfermagem-ui-pediatria-75926-uh-vitoria-rj-saude-rio-de-janeiro","status":"publish","type":"post","link":"https:\/\/vagas.portalemprego.com.br\/?p=3945","title":{"rendered":"TECNICO ENFERMAGEM UI PEDIATRIA (75926-UH VITORIA RJ) &#8211; Sa\u00fade &#8211; Rio de Janeiro"},"content":{"rendered":"<p>?? Vaga: T\u00e9cnico(a) de Enfermagem \u2013 Unidade de Interna\u00e7\u00e3o Pedi\u00e1trica<br \/>\n?? Local: Hospital Vit\u00f3ria Barra<br \/>\n ?? Contrato: Tempor\u00e1rio (90 dias) com possibilidade de efetiva\u00e7\u00e3o<br \/>\n ?? Sal\u00e1rio: R$ 2.012,38<br \/>\n ?? Benef\u00edcios: Vale-transporte + Refei\u00e7\u00e3o no local<br \/>\n ? Escala: 12&#215;36 \u2013 das 07h00 \u00e0s 19h00<br \/>\n?? Requisitos<br \/>\n?? Curso T\u00e9cnico de Enfermagem conclu\u00eddo<br \/>\n ?? Registro ativo no COREN<br \/>\n ?? Experi\u00eancia em Unidade de Interna\u00e7\u00e3o Pedi\u00e1trica<br \/>\n ?? Disponibilidade para atuar na escala informada<br \/>\n?? Principais Responsabilidades<br \/>\nExecutar atividades auxiliares na assist\u00eancia de enfermagem aos pacientes pedi\u00e1tricos;<br \/>\nAplicar t\u00e9cnicas apropriadas conforme cada procedimento;<br \/>\nAtuar de acordo com boas pr\u00e1ticas assistenciais e normas de biosseguran\u00e7a;<br \/>\nCumprir as prerrogativas estabelecidas pelo Conselho de Classe;<br \/>\nContribuir ativamente para o tratamento, seguran\u00e7a e recupera\u00e7\u00e3o dos pacientes;<br \/>\nApoiar a equipe multiprofissional no cuidado integral \u00e0 crian\u00e7a.<\/p>\n<ul>\n<li>N\u00famero de vagas: 2<\/li>\n<li>Local de trabalho: Rio de Janeiro, RJ<\/li>\n<li>Regime de contrata\u00e7\u00e3o de tipo: Tempor\u00e1rio<\/li>\n<li>Jornada: Per\u00edodo Integral<\/li>\n<li>\u00c1rea e especializa\u00e7\u00e3o profissional: Sa\u00fade &#8211; Enfermagem<\/li>\n<li>N\u00edvel hier\u00e1rquico: Operacional<\/li>\n<\/ul>\n<p>VALORIZADO<\/p>\n<p>Tempo de experi\u00eancia: Entre 1 e 3 anos<\/p>\n<p>Escolaridade M\u00ednima: Curso T\u00e9cnico<\/p>\n<p>Sal\u00e1rio: 2012,38<\/p>\n","protected":false},"excerpt":{"rendered":"<p>?? Vaga: T\u00e9cnico(a) de Enfermagem \u2013 Unidade de Interna\u00e7\u00e3o Pedi\u00e1trica ?? Local: Hospital Vit\u00f3ria Barra ?? Contrato: Tempor\u00e1rio (90 dias) com possibilidade de efetiva\u00e7\u00e3o ?? Sal\u00e1rio: R$ 2.012,38 ?? Benef\u00edcios: Vale-transporte + Refei\u00e7\u00e3o no local ? Escala: 12&#215;36 \u2013 das 07h00 \u00e0s 19h00 ?? Requisitos ?? Curso T\u00e9cnico de Enfermagem conclu\u00eddo ?? Registro ativo no [&hellip;]<\/p>\n","protected":false},"author":1,"featured_media":0,"comment_status":"open","ping_status":"open","sticky":false,"template":"","format":"standard","meta":{"footnotes":""},"categories":[21],"tags":[],"class_list":["post-3945","post","type-post","status-publish","format-standard","hentry","category-rio-de-janeiro-rj"],"_links":{"self":[{"href":"https:\/\/vagas.portalemprego.com.br\/index.php?rest_route=\/wp\/v2\/posts\/3945","targetHints":{"allow":["GET"]}}],"collection":[{"href":"https:\/\/vagas.portalemprego.com.br\/index.php?rest_route=\/wp\/v2\/posts"}],"about":[{"href":"https:\/\/vagas.portalemprego.com.br\/index.php?rest_route=\/wp\/v2\/types\/post"}],"author":[{"embeddable":true,"href":"https:\/\/vagas.portalemprego.com.br\/index.php?rest_route=\/wp\/v2\/users\/1"}],"replies":[{"embeddable":true,"href":"https:\/\/vagas.portalemprego.com.br\/index.php?rest_route=%2Fwp%2Fv2%2Fcomments&post=3945"}],"version-history":[{"count":0,"href":"https:\/\/vagas.portalemprego.com.br\/index.php?rest_route=\/wp\/v2\/posts\/3945\/revisions"}],"wp:attachment":[{"href":"https:\/\/vagas.portalemprego.com.br\/index.php?rest_route=%2Fwp%2Fv2%2Fmedia&parent=3945"}],"wp:term":[{"taxonomy":"category","embeddable":true,"href":"https:\/\/vagas.portalemprego.com.br\/index.php?rest_route=%2Fwp%2Fv2%2Fcategories&post=3945"},{"taxonomy":"post_tag","embeddable":true,"href":"https:\/\/vagas.portalemprego.com.br\/index.php?rest_route=%2Fwp%2Fv2%2Ftags&post=3945"}],"curies":[{"name":"wp","href":"https:\/\/api.w.org\/{rel}","templated":true}]}}